{"id":4540,"date":"2017-03-08T19:41:08","date_gmt":"2017-03-08T22:41:08","guid":{"rendered":"https:\/\/blogs.correiobraziliense.com.br\/servidor\/?p=4540"},"modified":"2017-03-08T19:41:08","modified_gmt":"2017-03-08T22:41:08","slug":"carreiras-tipicas-de-atividades-de-estado-agora-tem-confederacao-sindical","status":"publish","type":"post","link":"https:\/\/blogs.correiobraziliense.com.br\/servidor\/carreiras-tipicas-de-atividades-de-estado-agora-tem-confederacao-sindical\/","title":{"rendered":"Carreiras t\u00edpicas de atividades de Estado agora tem Confedera\u00e7\u00e3o Sindical"},"content":{"rendered":"<p><em>Nesta quarta-feira, 8 de mar\u00e7o, o Di\u00e1rio Oficial da Uni\u00e3o (DOU) publicou de forma definitiva o registro da Confedera\u00e7\u00e3o Nacional das Carreiras T\u00edpicas de Atividades de Estado (Conacate)<\/em><\/p>\n<p>Por meio de nota, a Conacate informou que o registro sindical coroa um trabalho de reconhecimento de carreiras que s\u00e3o o esteio da estrutura p\u00fablica, ocupam fun\u00e7\u00f5es sens\u00edveis e relevantes na parte de controle e na execu\u00e7\u00e3o dos servi\u00e7os p\u00fablicos.<\/p>\n<p>&#8220;A Conacate foi constru\u00edda ao longo dos \u00faltimos 10 anos. Atualmente re\u00fane os servidores p\u00fablicos que s\u00e3o profissionais dos fiscos estaduais, dos fiscos municipais, a Pol\u00edcia Rodovi\u00e1ria Federal, os servidores de todos os Tribunais de Contas do Pa\u00eds, os servidores de todas Assembleias Legislativas e igualmente os servidores de todas C\u00e2maras Municipais. Em futuro muito breve novas e significativas categorias estar\u00e3o aderindo&#8221;, destacou o documento.<\/p>\n<p>De acordo com a nota, a Conacate \u00e9 a resposta, no tempo em que vivemos, de um conjunto de entidades preocupadas em defender e valorizar carreiras indispens\u00e1veis ao bom funcionamento e continuidade das atividades p\u00fablicas no Brasil.<\/p>\n<p>\u00c9 uma confedera\u00e7\u00e3o capaz de dar voz e tomar assento em todas as inst\u00e2ncias e poderes para delibera\u00e7\u00f5es que envolvam a vida de milhares de servidores p\u00fablicos que atuam em todo pa\u00eds, dedicando suas qualifica\u00e7\u00f5es e energia a servi\u00e7o do Estado e da comunidade.<\/p>\n<p>A Conacate \u00e9 a terceira Confedera\u00e7\u00e3o de Servidores P\u00fablicos do Pa\u00eds, por\u00e9m com foco para as especializa\u00e7\u00f5es. \u201cA soberania, a paz e o desenvolvimento sobre um determinado territ\u00f3rio e de um grupamento humano, os nacionais, depende de solidariedade entre estes na constru\u00e7\u00e3o do futuro e exige uma estrutura de servi\u00e7os p\u00fablicos permanentes que caracterize as atividades t\u00edpicas de Estado\u201d, declara o presidente da Conacate, Antonio Carlos Fernandes J\u00fanior.<\/p>\n","protected":false},"excerpt":{"rendered":"<p>Nesta quarta-feira, 8 de mar\u00e7o, o Di\u00e1rio Oficial da Uni\u00e3o (DOU) publicou de forma definitiva o registro da Confedera\u00e7\u00e3o Nacional das Carreiras T\u00edpicas de Atividades de Estado (Conacate) Por meio de nota, a Conacate informou que o registro sindical coroa um trabalho de reconhecimento de carreiras que s\u00e3o o esteio da estrutura p\u00fablica, ocupam fun\u00e7\u00f5es sens\u00edveis e relevantes na parte [&hellip;]<\/p>\n","protected":false},"author":27,"featured_media":0,"comment_status":"open","ping_status":"closed","sticky":false,"template":"","format":"standard","meta":{"footnotes":""},"categories":[2719],"tags":[55,5311,5312,1769,56,2625,58,4319,5266],"class_list":["post-4540","post","type-post","status-publish","format-standard","hentry","category-servidor","tag-carreiras","tag-conacate","tag-definitivo","tag-dou","tag-estado","tag-registro","tag-servidores","tag-sindical","tag-tipicas"],"_links":{"self":[{"href":"https:\/\/blogs.correiobraziliense.com.br\/servidor\/wp-json\/wp\/v2\/posts\/4540","targetHints":{"allow":["GET"]}}],"collection":[{"href":"https:\/\/blogs.correiobraziliense.com.br\/servidor\/wp-json\/wp\/v2\/posts"}],"about":[{"href":"https:\/\/blogs.correiobraziliense.com.br\/servidor\/wp-json\/wp\/v2\/types\/post"}],"author":[{"embeddable":true,"href":"https:\/\/blogs.correiobraziliense.com.br\/servidor\/wp-json\/wp\/v2\/users\/27"}],"replies":[{"embeddable":true,"href":"https:\/\/blogs.correiobraziliense.com.br\/servidor\/wp-json\/wp\/v2\/comments?post=4540"}],"version-history":[{"count":1,"href":"https:\/\/blogs.correiobraziliense.com.br\/servidor\/wp-json\/wp\/v2\/posts\/4540\/revisions"}],"predecessor-version":[{"id":4541,"href":"https:\/\/blogs.correiobraziliense.com.br\/servidor\/wp-json\/wp\/v2\/posts\/4540\/revisions\/4541"}],"wp:attachment":[{"href":"https:\/\/blogs.correiobraziliense.com.br\/servidor\/wp-json\/wp\/v2\/media?parent=4540"}],"wp:term":[{"taxonomy":"category","embeddable":true,"href":"https:\/\/blogs.correiobraziliense.com.br\/servidor\/wp-json\/wp\/v2\/categories?post=4540"},{"taxonomy":"post_tag","embeddable":true,"href":"https:\/\/blogs.correiobraziliense.com.br\/servidor\/wp-json\/wp\/v2\/tags?post=4540"}],"curies":[{"name":"wp","href":"https:\/\/api.w.org\/{rel}","templated":true}]}}