{"id":4536,"date":"2017-03-08T18:22:38","date_gmt":"2017-03-08T21:22:38","guid":{"rendered":"https:\/\/blogs.correiobraziliense.com.br\/servidor\/?p=4536"},"modified":"2017-03-08T18:22:38","modified_gmt":"2017-03-08T21:22:38","slug":"em-curitiba-sergio-moro-recebe-premio-de-auditores-do-tcu","status":"publish","type":"post","link":"https:\/\/blogs.correiobraziliense.com.br\/servidor\/em-curitiba-sergio-moro-recebe-premio-de-auditores-do-tcu\/","title":{"rendered":"Em Curitiba, Sergio Moro recebe pr\u00eamio de auditores do TCU"},"content":{"rendered":"<p>O juiz federal, reconhecido pelo trabalho \u00e0 frente da Opera\u00e7\u00e3o Lava Jato, foi o candidato mais votado entre os finalistas ao Pr\u00eamio Alfredo Vallad\u00e3o pelas contribui\u00e7\u00f5es no combate \u00e0 corrup\u00e7\u00e3o<\/p>\n<p>O Juiz Federal Sergio Moro recebeu, na segunda-feira (06\/03), em uma cerim\u00f4nia na 13\u00aa Vara Federal de Curitiba, o Pr\u00eamio Alfredo Vallad\u00e3o de Zelo pela Coisa P\u00fablica, conferido pela Uni\u00e3o dos Auditores Federais de Controle Externo (Auditar) do Tribunal de Contas da Uni\u00e3o (TCU) a cidad\u00e3os ou entidades que se destacaram no combate \u00e0 corrup\u00e7\u00e3o.<\/p>\n<p>&#8220;Agrade\u00e7o ao auditor Paulo Martins, estendendo meus cumprimentos e agradecimentos a toda a classe por essa honraria. N\u00e3o s\u00f3 pelo pr\u00eamio, em si, mas pelo fato de que o TCU, em especial os auditores, tem contribu\u00eddo como \u00f3rg\u00e3o auxiliar nessas apura\u00e7\u00f5es na chamada Opera\u00e7\u00e3o Lava Jato. Fico ainda mais honrado por esse motivo, por estar tratando com pessoas que est\u00e3o auxiliando o trabalho da Justi\u00e7a\u201d, afirmou Sergio Moro.<\/p>\n<p>O juiz federal ganhou notoriedade internacional ao comandar o julgamento em primeira inst\u00e2ncia dos crimes identificados na\u00a0Opera\u00e7\u00e3o Lava Jato. Moro foi o candidato mais indicado na primeira etapa da premia\u00e7\u00e3o pelos colaboradores do TCU e tamb\u00e9m o mais votado entre seis finalistas. O segundo e o terceiro lugar ficaram com J\u00falio Marcelo de Oliveira, procurador do Minist\u00e9rio P\u00fablico junto ao TCU, e Rain\u00e9rio Rodrigues Leite, auditor do Tribunal. A solenidade de reconhecimento aos demais classificados ocorrer\u00e1 em Bras\u00edlia, ainda neste m\u00eas.<\/p>\n<p>\u201c\u00c9 especialmente tocante para n\u00f3s, auditores federais e, portanto, soldados nesta guerra permanente contra a corrup\u00e7\u00e3o, estar aqui, neste momento, homenageando e premiando o herc\u00faleo e corajoso trabalho da Opera\u00e7\u00e3o Lava Jato, na pessoa do Juiz S\u00e9rgio Moro\u201d, ressaltou o presidente da Auditar, Paulo Martins. Em seu discurso, ele destacou ainda as contribui\u00e7\u00f5es do TCU para as investiga\u00e7\u00f5es, como a cria\u00e7\u00e3o da SeinfraOpera\u00e7\u00f5es \u2013 uma secretaria exclusiva para prevenir, detectar e apurar responsabilidades em fraudes ligadas \u00e0 infraestrutura e acompanhar os acordos de leni\u00eancia em negocia\u00e7\u00e3o.<\/p>\n<p>Tamb\u00e9m participaram da cerim\u00f4nia a convite da Auditar o secret\u00e1rio de Controle Externo do TCU no Paran\u00e1, Jo\u00e3o Manoel Dion\u00edsio; o presidente do Sindicato\u00a0dos Servidores do\u00a0Tribunal de Contas do\u00a0Estado do\u00a0Paran\u00e1 (Sindicontas\/PR), Luiz Tadeu Grossi Fernandes; o presidente da Associa\u00e7\u00e3o Beneficente Recreativa Tribunal de Contas do Paran\u00e1 (ABRTC), Evandro Arruda; e o auditor Marcos Val\u00e9rio de Ara\u00fajo, da Secex-RN, que instituiu o Pr\u00eamio quando presidiu a Auditar na d\u00e9cada de 1990.<\/p>\n<p><strong>Pr\u00eamio Alfredo Vallad\u00e3o<\/strong><\/p>\n<p>O Pr\u00eamio, que leva o nome do ministro do TCU Alfredo de Vilhena Vallad\u00e3o, foi criado pela Auditar em 1990 e reinstitu\u00eddo em 2016 &#8211; 23 anos ap\u00f3s a sua \u00faltima edi\u00e7\u00e3o &#8211; pelos atuais presidente e vice da associa\u00e7\u00e3o, Paulo Martins e Regis Machado. O objetivo, segundo Martins, \u201c\u00e9 estimular novos cidad\u00e3os e entidades a se engajarem na luta pela cria\u00e7\u00e3o de uma identidade nacional caracterizada pela integridade e pela intoler\u00e2ncia com a corrup\u00e7\u00e3o sob todas as formas\u201d.<\/p>\n<p>O processo de sele\u00e7\u00e3o do vencedor ocorreu em dois turnos: a indica\u00e7\u00e3o, por cada auditor e demais agentes do TCU (ministros, procuradores, t\u00e9cnicos, auxiliares e ocupantes de cargos em comiss\u00e3o), de at\u00e9 tr\u00eas nomes de sua livre escolha como eventuais candidatos ao Pr\u00eamio; e a vota\u00e7\u00e3o em um dos seis candidatos mais indicados na etapa anterior. O procurador do Minist\u00e9rio P\u00fablico Federal Deltan Dallagnol, o Departamento de Pol\u00edcia Federal, e o senador Reguffe tamb\u00e9m estavam entre os seis finalistas ao Pr\u00eamio.<\/p>\n<p>\u201cNunca foi t\u00e3o importante coroar as boas pr\u00e1ticas e valores como no momento em que vivemos atualmente, enquanto crimes hediondos e esc\u00e2ndalos de corrup\u00e7\u00e3o estampam diariamente as capas dos jornais. Reinstituir o Pr\u00eamio Alfredo Vallad\u00e3o \u00e9 mais uma forma de mostrar que vale a pena ser correto, \u00edntegro, e dar o melhor de si pelo pa\u00eds\u201d, defendeu Regis Machado.<\/p>\n","protected":false},"excerpt":{"rendered":"<p>O juiz federal, reconhecido pelo trabalho \u00e0 frente da Opera\u00e7\u00e3o Lava Jato, foi o candidato mais votado entre os finalistas ao Pr\u00eamio Alfredo Vallad\u00e3o pelas contribui\u00e7\u00f5es no combate \u00e0 corrup\u00e7\u00e3o O Juiz Federal Sergio Moro recebeu, na segunda-feira (06\/03), em uma cerim\u00f4nia na 13\u00aa Vara Federal de Curitiba, o Pr\u00eamio Alfredo Vallad\u00e3o de Zelo pela Coisa P\u00fablica, conferido pela Uni\u00e3o [&hellip;]<\/p>\n","protected":false},"author":27,"featured_media":0,"comment_status":"open","ping_status":"closed","sticky":false,"template":"","format":"standard","meta":{"footnotes":""},"categories":[2719],"tags":[2950,31,204,205,260,1407,69,2952,1399,635],"class_list":["post-4536","post","type-post","status-publish","format-standard","hentry","category-servidor","tag-auditar","tag-auditores","tag-combate","tag-corrupcao","tag-justica","tag-operacao-lava-jato","tag-premio","tag-premio-alfredo-valladao","tag-sergio-moro","tag-tcu"],"_links":{"self":[{"href":"https:\/\/blogs.correiobraziliense.com.br\/servidor\/wp-json\/wp\/v2\/posts\/4536","targetHints":{"allow":["GET"]}}],"collection":[{"href":"https:\/\/blogs.correiobraziliense.com.br\/servidor\/wp-json\/wp\/v2\/posts"}],"about":[{"href":"https:\/\/blogs.correiobraziliense.com.br\/servidor\/wp-json\/wp\/v2\/types\/post"}],"author":[{"embeddable":true,"href":"https:\/\/blogs.correiobraziliense.com.br\/servidor\/wp-json\/wp\/v2\/users\/27"}],"replies":[{"embeddable":true,"href":"https:\/\/blogs.correiobraziliense.com.br\/servidor\/wp-json\/wp\/v2\/comments?post=4536"}],"version-history":[{"count":1,"href":"https:\/\/blogs.correiobraziliense.com.br\/servidor\/wp-json\/wp\/v2\/posts\/4536\/revisions"}],"predecessor-version":[{"id":4537,"href":"https:\/\/blogs.correiobraziliense.com.br\/servidor\/wp-json\/wp\/v2\/posts\/4536\/revisions\/4537"}],"wp:attachment":[{"href":"https:\/\/blogs.correiobraziliense.com.br\/servidor\/wp-json\/wp\/v2\/media?parent=4536"}],"wp:term":[{"taxonomy":"category","embeddable":true,"href":"https:\/\/blogs.correiobraziliense.com.br\/servidor\/wp-json\/wp\/v2\/categories?post=4536"},{"taxonomy":"post_tag","embeddable":true,"href":"https:\/\/blogs.correiobraziliense.com.br\/servidor\/wp-json\/wp\/v2\/tags?post=4536"}],"curies":[{"name":"wp","href":"https:\/\/api.w.org\/{rel}","templated":true}]}}