{"id":453,"date":"2015-09-18T16:51:00","date_gmt":"2015-09-18T19:51:00","guid":{"rendered":"https:\/\/blogs.correiobraziliense.com.br\/servidor\/policiais_federais_do_parana_querem_a_continuacao_da_operacao_lava_jato\/"},"modified":"2016-05-13T19:31:44","modified_gmt":"2016-05-13T22:31:44","slug":"policiais_federais_do_parana_querem_a_continuacao_da_operacao_lava_jato","status":"publish","type":"post","link":"https:\/\/blogs.correiobraziliense.com.br\/servidor\/policiais_federais_do_parana_querem_a_continuacao_da_operacao_lava_jato\/","title":{"rendered":"POLICIAIS FEDERAIS DO PARAN\u00c1 QUEREM A CONTINUA\u00c7\u00c3O DA OPERA\u00c7\u00c3O LAVA JATO"},"content":{"rendered":"<p>Policiais federais do Estado do Paran\u00e1, filiados ao Sinpef\/PR, agendaram assembleia geral extraordin\u00e1ria para o pr\u00f3ximo dia 28, na sede do sindicato e em todas as delegacias sindicais do interior, \u00e0s 13h30min, para tratar de v\u00e1rios assuntos. <\/p>\n<p>Eles buscam o apoio da sociedade na tentativa de evitar a paralisa\u00e7\u00e3o das  investiga\u00e7\u00f5es da Opera\u00e7\u00e3o Lava Jato e de outros assuntos de interesse da categoria.  <\/p>\n<p>Por isso, articulam protestos  anticorrup\u00e7\u00e3o dos agentes federais. Se ressentem da falta de sensibilidade do  governo federal, devido ao n\u00e3o cumprimento de acordos firmados. <\/p>\n<p>Al\u00e9m das negocia\u00e7\u00f5es salariais e reestrutura\u00e7\u00e3o da carreiras, os policiais federais combatem o fim da paridade; o aumento do fosso salarial; e o recrudescimento das rela\u00e7\u00f5es da entidade com a administra\u00e7\u00e3o. <\/p>\n<p>Bras\u00edlia, 16h51min   <\/p>\n","protected":false},"excerpt":{"rendered":"<p>Policiais federais do Estado do Paran\u00e1, filiados ao Sinpef\/PR, agendaram assembleia geral extraordin\u00e1ria para o pr\u00f3ximo dia 28, na sede do sindicato e em todas as delegacias sindicais do interior, \u00e0s 13h30min, para tratar de v\u00e1rios assuntos. Eles buscam o apoio da sociedade na tentativa de evitar a paralisa\u00e7\u00e3o das investiga\u00e7\u00f5es da Opera\u00e7\u00e3o Lava Jato e de outros assuntos de [&hellip;]<\/p>\n","protected":false},"author":27,"featured_media":0,"comment_status":"open","ping_status":"closed","sticky":false,"template":"","format":"standard","meta":{"footnotes":""},"categories":[1],"tags":[],"class_list":["post-453","post","type-post","status-publish","format-standard","hentry","category-sem-categoria"],"_links":{"self":[{"href":"https:\/\/blogs.correiobraziliense.com.br\/servidor\/wp-json\/wp\/v2\/posts\/453","targetHints":{"allow":["GET"]}}],"collection":[{"href":"https:\/\/blogs.correiobraziliense.com.br\/servidor\/wp-json\/wp\/v2\/posts"}],"about":[{"href":"https:\/\/blogs.correiobraziliense.com.br\/servidor\/wp-json\/wp\/v2\/types\/post"}],"author":[{"embeddable":true,"href":"https:\/\/blogs.correiobraziliense.com.br\/servidor\/wp-json\/wp\/v2\/users\/27"}],"replies":[{"embeddable":true,"href":"https:\/\/blogs.correiobraziliense.com.br\/servidor\/wp-json\/wp\/v2\/comments?post=453"}],"version-history":[{"count":1,"href":"https:\/\/blogs.correiobraziliense.com.br\/servidor\/wp-json\/wp\/v2\/posts\/453\/revisions"}],"predecessor-version":[{"id":1659,"href":"https:\/\/blogs.correiobraziliense.com.br\/servidor\/wp-json\/wp\/v2\/posts\/453\/revisions\/1659"}],"wp:attachment":[{"href":"https:\/\/blogs.correiobraziliense.com.br\/servidor\/wp-json\/wp\/v2\/media?parent=453"}],"wp:term":[{"taxonomy":"category","embeddable":true,"href":"https:\/\/blogs.correiobraziliense.com.br\/servidor\/wp-json\/wp\/v2\/categories?post=453"},{"taxonomy":"post_tag","embeddable":true,"href":"https:\/\/blogs.correiobraziliense.com.br\/servidor\/wp-json\/wp\/v2\/tags?post=453"}],"curies":[{"name":"wp","href":"https:\/\/api.w.org\/{rel}","templated":true}]}}