{"id":4524,"date":"2017-03-07T19:49:36","date_gmt":"2017-03-07T22:49:36","guid":{"rendered":"https:\/\/blogs.correiobraziliense.com.br\/servidor\/?p=4524"},"modified":"2017-03-07T19:49:36","modified_gmt":"2017-03-07T22:49:36","slug":"previdencia-e-realmente-deficitaria","status":"publish","type":"post","link":"https:\/\/blogs.correiobraziliense.com.br\/servidor\/previdencia-e-realmente-deficitaria\/","title":{"rendered":"A Previd\u00eancia \u00e9 realmente deficit\u00e1ria?"},"content":{"rendered":"<p><em>Nos c\u00e1lculos do cientista pol\u00edtico Itamar Portiolli de Oliveira, n\u00e3o. Ele demonstrou, em uma planilha, que o trabalhador paga mais ao INSS do que recebe. Veja os dados:<\/em><\/p>\n<p>\u2022Sal\u00e1rio mensal&#8230;&#8230;&#8230;..R$ 880,00<br \/>\n\u2022Contribui\u00e7\u00e3o INSS&#8230;..R$ 176,00<br \/>\n(patronal e empregado)<\/p>\n<p>??Aposentadoria Integral<br \/>\n35 anos = 420 meses<\/p>\n<p>*Pegando a contribui\u00e7\u00e3o mensal de R$ 176,00 e aplicando-se o rendimento da poupan\u00e7a de 0,68% Totaliza R$ 422.784,02<\/p>\n<p>Considerando-se a expectativa de vida em 75, e que em m\u00e9dia o brasileiro se aposenta com 60 anos, somente receber\u00e1 a aposentadoria por 15 anos.<\/p>\n<p>Por\u00e9m, o montante acumulado \u00e9 suficiente para pagar 40 anos e 3 meses de sal\u00e1rio equivalente a contribui\u00e7\u00e3o, ou seja, segundo o c\u00e1lculo feito com base em R$ 880,00 mensais, sem contar rendimentos.<br \/>\n??O trabalhador receber\u00e1 de volta R$ 158.400,00 no total, ou seja, 37,5% daquilo que lhe foi tomado pelo governo.<br \/>\nEngra\u00e7ado que n\u00e3o vejo ningu\u00e9m reclamando, resumindo:<\/p>\n<p>?Trabalhador PAGA<br \/>\nR$ 422.784,02<\/p>\n<p>Trabalhador RECEBE<br \/>\nR$ 158.400,00<\/p>\n<p>? Que neg\u00f3cio, n\u00e3o?<br \/>\nAgora aumentando para 49 anos, o trabalhador acumular\u00e1<\/p>\n<p>R$ 1.365.846,02<br \/>\ne receber\u00e1 menos, pois ter\u00e1 menos mais tempo de contribui\u00e7\u00e3o e menos de gozo da aposentadoria&#8221;<\/p>\n","protected":false},"excerpt":{"rendered":"<p>Nos c\u00e1lculos do cientista pol\u00edtico Itamar Portiolli de Oliveira, n\u00e3o. Ele demonstrou, em uma planilha, que o trabalhador paga mais ao INSS do que recebe. Veja os dados: \u2022Sal\u00e1rio mensal&#8230;&#8230;&#8230;..R$ 880,00 \u2022Contribui\u00e7\u00e3o INSS&#8230;..R$ 176,00 (patronal e empregado) ??Aposentadoria Integral 35 anos = 420 meses *Pegando a contribui\u00e7\u00e3o mensal de R$ 176,00 e aplicando-se o rendimento da poupan\u00e7a de 0,68% Totaliza [&hellip;]<\/p>\n","protected":false},"author":27,"featured_media":0,"comment_status":"open","ping_status":"closed","sticky":false,"template":"","format":"standard","meta":{"footnotes":""},"categories":[2719],"tags":[5294,6,4508,131,5292,11,5126,2443,2660,549,1467,5293,3088],"class_list":["post-4524","post","type-post","status-publish","format-standard","hentry","category-servidor","tag-acumulado","tag-aposentadoria","tag-calculo","tag-contribuicao","tag-deficitaria","tag-inss","tag-negocio","tag-paga","tag-poupanca","tag-previdencia","tag-recebe","tag-rendimento","tag-trabalhador"],"_links":{"self":[{"href":"https:\/\/blogs.correiobraziliense.com.br\/servidor\/wp-json\/wp\/v2\/posts\/4524","targetHints":{"allow":["GET"]}}],"collection":[{"href":"https:\/\/blogs.correiobraziliense.com.br\/servidor\/wp-json\/wp\/v2\/posts"}],"about":[{"href":"https:\/\/blogs.correiobraziliense.com.br\/servidor\/wp-json\/wp\/v2\/types\/post"}],"author":[{"embeddable":true,"href":"https:\/\/blogs.correiobraziliense.com.br\/servidor\/wp-json\/wp\/v2\/users\/27"}],"replies":[{"embeddable":true,"href":"https:\/\/blogs.correiobraziliense.com.br\/servidor\/wp-json\/wp\/v2\/comments?post=4524"}],"version-history":[{"count":1,"href":"https:\/\/blogs.correiobraziliense.com.br\/servidor\/wp-json\/wp\/v2\/posts\/4524\/revisions"}],"predecessor-version":[{"id":4525,"href":"https:\/\/blogs.correiobraziliense.com.br\/servidor\/wp-json\/wp\/v2\/posts\/4524\/revisions\/4525"}],"wp:attachment":[{"href":"https:\/\/blogs.correiobraziliense.com.br\/servidor\/wp-json\/wp\/v2\/media?parent=4524"}],"wp:term":[{"taxonomy":"category","embeddable":true,"href":"https:\/\/blogs.correiobraziliense.com.br\/servidor\/wp-json\/wp\/v2\/categories?post=4524"},{"taxonomy":"post_tag","embeddable":true,"href":"https:\/\/blogs.correiobraziliense.com.br\/servidor\/wp-json\/wp\/v2\/tags?post=4524"}],"curies":[{"name":"wp","href":"https:\/\/api.w.org\/{rel}","templated":true}]}}