{"id":4514,"date":"2017-03-06T20:26:10","date_gmt":"2017-03-06T23:26:10","guid":{"rendered":"https:\/\/blogs.correiobraziliense.com.br\/servidor\/?p=4514"},"modified":"2017-03-06T20:26:10","modified_gmt":"2017-03-06T23:26:10","slug":"amanha-guarda-chuvaco-de-procuradores-municipais-no-congresso-nacional","status":"publish","type":"post","link":"https:\/\/blogs.correiobraziliense.com.br\/servidor\/amanha-guarda-chuvaco-de-procuradores-municipais-no-congresso-nacional\/","title":{"rendered":"Amanh\u00e3 &#8211; Guarda-chuva\u00e7o de procuradores municipais no Congresso Nacional"},"content":{"rendered":"<p><em>No pr\u00f3ximo dia 7 de mar\u00e7o \u00e9 o Dia Nacional da Advocacia P\u00fablica. De forma simb\u00f3lica, os procuradores de v\u00e1rios munic\u00edpios brasileiros abrir\u00e3o um guarda-chuva sob a mensagem \u201cO procurador de carreira \u00e9 seu guarda-chuva anticorrup\u00e7\u00e3o. Mantenha-o por perto&#8221;.<\/em><\/p>\n<ul>\n<li>A Associa\u00e7\u00e3o Nacional dos Procuradores Municipais (ANPM) far\u00e1 mais um guarda-chuva\u00e7o anticorrup\u00e7\u00e3o em frente ao Congresso Nacional. Dessa vez a a\u00e7\u00e3o ser\u00e1 feita no Dia Nacional da Advocacia P\u00fablica, 7 de mar\u00e7o \u00e0s 11h, e deve contar com a presen\u00e7a de pelo menos 100 procuradores municipais, al\u00e9m de outros advogados p\u00fablicos, como representantes da Advocacia-Geral da Uni\u00e3o, ju\u00edzes federais, e procuradores federais e estaduais.<\/li>\n<\/ul>\n<p>&nbsp;<\/p>\n<ul>\n<li>De forma simb\u00f3lica, cada procurador abrir\u00e1 um guarda-chuva personalizado com a mensagem &#8220;O procurador de carreira \u00e9 seu guarda-chuva anticorrup\u00e7\u00e3o. Mantenha-o por perto&#8221;.<\/li>\n<\/ul>\n<p>&nbsp;<\/p>\n<ul>\n<li>O primeiro \u201cguarda-chuva\u00e7o anticorrup\u00e7\u00e3o\u201d aconteceu no dia 8 de fevereiro, em frente ao Congresso Nacional, e contou com a presen\u00e7a de Carlos Mour\u00e3o, Presidente da ANPM, entre outros representantes de procuradorias municipais. Na ocasi\u00e3o, os procuradores tamb\u00e9m visitaram parlamentares para enfatizar, no in\u00edcio do ano legislativo, a luta pela correta aplica\u00e7\u00e3o da lei, bem como a import\u00e2ncia da advocacia p\u00fablica para fortalecer o municipalismo. O procurador \u00e9 primeiro filtro de combate \u00e0 corrup\u00e7\u00e3o no munic\u00edpio.<\/li>\n<\/ul>\n<p>&nbsp;<\/p>\n<ul>\n<li>Os movimentos fazem parte de uma s\u00e9rie de a\u00e7\u00f5es promovidas pela ANPM, que come\u00e7ou no dia 31 de janeiro, quando a associa\u00e7\u00e3o aproveitou a reuni\u00e3o entre os prefeitos das capitais e o Supremo Tribunal Federal (STF) sobre a pauta municipalista, para entregar uma carta aos executivos presentes. A mensagem refor\u00e7a a luta da associa\u00e7\u00e3o pela correta aplica\u00e7\u00e3o da lei, bem como a import\u00e2ncia da advocacia p\u00fablica para fortalecer o municipalismo.<\/li>\n<\/ul>\n<p>&nbsp;<\/p>\n<ul>\n<li>J\u00e1 no dia 1\u00ba de fevereiro, intitulado pela ANPM como Dia do Fortalecimento da Advocacia P\u00fablica Municipal, a associa\u00e7\u00e3o mobilizou centenas de procuradores municipais de todo o Brasil em a\u00e7\u00e3o de combate \u00e0 corrup\u00e7\u00e3o com os prefeitos eleitos. Durante a a\u00e7\u00e3o, procuradores municipais de todo o pa\u00eds entregaram, pessoalmente, a carta formal com a luta da associa\u00e7\u00e3o.<\/li>\n<\/ul>\n","protected":false},"excerpt":{"rendered":"<p>No pr\u00f3ximo dia 7 de mar\u00e7o \u00e9 o Dia Nacional da Advocacia P\u00fablica. De forma simb\u00f3lica, os procuradores de v\u00e1rios munic\u00edpios brasileiros abrir\u00e3o um guarda-chuva sob a mensagem \u201cO procurador de carreira \u00e9 seu guarda-chuva anticorrup\u00e7\u00e3o. Mantenha-o por perto&#8221;. A Associa\u00e7\u00e3o Nacional dos Procuradores Municipais (ANPM) far\u00e1 mais um guarda-chuva\u00e7o anticorrup\u00e7\u00e3o em frente ao Congresso Nacional. Dessa vez a a\u00e7\u00e3o [&hellip;]<\/p>\n","protected":false},"author":27,"featured_media":0,"comment_status":"open","ping_status":"closed","sticky":false,"template":"","format":"standard","meta":{"footnotes":""},"categories":[2719],"tags":[157,3927,3360,55,693,59,5272,344,102,1690,5274,944,5273,1235,34],"class_list":["post-4514","post","type-post","status-publish","format-standard","hentry","category-servidor","tag-agu","tag-anpm","tag-anticorrupcao","tag-carreiras","tag-congresso-nacional","tag-federais","tag-guarda-chuvaco","tag-juizes","tag-lei","tag-municipais","tag-municipalismo","tag-municipios","tag-parlamentaes","tag-procuradores","tag-stf"],"_links":{"self":[{"href":"https:\/\/blogs.correiobraziliense.com.br\/servidor\/wp-json\/wp\/v2\/posts\/4514","targetHints":{"allow":["GET"]}}],"collection":[{"href":"https:\/\/blogs.correiobraziliense.com.br\/servidor\/wp-json\/wp\/v2\/posts"}],"about":[{"href":"https:\/\/blogs.correiobraziliense.com.br\/servidor\/wp-json\/wp\/v2\/types\/post"}],"author":[{"embeddable":true,"href":"https:\/\/blogs.correiobraziliense.com.br\/servidor\/wp-json\/wp\/v2\/users\/27"}],"replies":[{"embeddable":true,"href":"https:\/\/blogs.correiobraziliense.com.br\/servidor\/wp-json\/wp\/v2\/comments?post=4514"}],"version-history":[{"count":1,"href":"https:\/\/blogs.correiobraziliense.com.br\/servidor\/wp-json\/wp\/v2\/posts\/4514\/revisions"}],"predecessor-version":[{"id":4515,"href":"https:\/\/blogs.correiobraziliense.com.br\/servidor\/wp-json\/wp\/v2\/posts\/4514\/revisions\/4515"}],"wp:attachment":[{"href":"https:\/\/blogs.correiobraziliense.com.br\/servidor\/wp-json\/wp\/v2\/media?parent=4514"}],"wp:term":[{"taxonomy":"category","embeddable":true,"href":"https:\/\/blogs.correiobraziliense.com.br\/servidor\/wp-json\/wp\/v2\/categories?post=4514"},{"taxonomy":"post_tag","embeddable":true,"href":"https:\/\/blogs.correiobraziliense.com.br\/servidor\/wp-json\/wp\/v2\/tags?post=4514"}],"curies":[{"name":"wp","href":"https:\/\/api.w.org\/{rel}","templated":true}]}}