{"id":4512,"date":"2017-03-06T20:15:14","date_gmt":"2017-03-06T23:15:14","guid":{"rendered":"https:\/\/blogs.correiobraziliense.com.br\/servidor\/?p=4512"},"modified":"2017-03-06T20:15:14","modified_gmt":"2017-03-06T23:15:14","slug":"previdencia-carreiras-de-estado-vao-parar-no-dia-15","status":"publish","type":"post","link":"https:\/\/blogs.correiobraziliense.com.br\/servidor\/previdencia-carreiras-de-estado-vao-parar-no-dia-15\/","title":{"rendered":"Previd\u00eancia &#8211; Carreiras de Estado v\u00e3o parar no dia 15"},"content":{"rendered":"<p><em>Ato nacional ser\u00e1 em todo o pa\u00eds contra a PEC 287\/2016<\/em><\/p>\n<p>Em Assembleia Geral na tarde desta segunda-feira (6), as entidades afiliadas ao F\u00f3rum Nacional das Carreiras T\u00edpicas de Estado (Fonacate) aprovaram uma grande mobiliza\u00e7\u00e3o em todo o pa\u00eds contra a reforma da Previd\u00eancia, com base na Proposta de Emenda\u00a0\u00e0 Constitui\u00e7\u00e3o (PEC) 287\/2016, no pr\u00f3ximo dia 15 de mar\u00e7o.<\/p>\n<p>O objetivo \u00e9 fazer uma greve nacional com a participa\u00e7\u00e3o de todos os servidores p\u00fablicos e\u00a0trabalhadores da iniciativa privada\u00a0em atos contra a reforma. \u201cVamos realizar audi\u00eancias p\u00fablicas nos Estados, colocar carro de som em frente aos \u00f3rg\u00e3os p\u00fablicos, chamar a aten\u00e7\u00e3o dos parlamentares para que n\u00e3o votem essa mat\u00e9ria que retira direitos sociais conquistados ao longo de d\u00e9cadas de luta\u201d, disse Rudinei Marques, presidente do Fonacate.<\/p>\n<p>Tamb\u00e9m na agenda de atos contra a proposta\u00a0est\u00e1\u00a0a marcha das Margaridas, no dia 8 de mar\u00e7o, com um movimento espec\u00edfico das mulheres contra a reforma da previd\u00eancia, \u00e0s 16h, em Bras\u00edlia, em frente ao Museu Nacional da Rep\u00fablica;\u00a0no dia 14 de mar\u00e7o, a mobiliza\u00e7\u00e3o ser\u00e1 promovida pelo Conselho Federal da Ordem dos Advogados do Brasil (OAB), na sede da entidade, \u00e0s 14h.<\/p>\n<p><strong>Terceiriza\u00e7\u00e3o<\/strong><\/p>\n<p>Outro debate em pauta foi o Projeto de Lei n\u00ba 4.302\/1998, que trata das rela\u00e7\u00f5es de trabalho tempor\u00e1rio e na empresa de presta\u00e7\u00e3o de servi\u00e7os a terceiros. Para o presidente do F\u00f3rum, a mat\u00e9ria prev\u00ea a terceiriza\u00e7\u00e3o plena e irrestrita inclusive na administra\u00e7\u00e3o p\u00fablica.<\/p>\n<p>\u201cEssa mat\u00e9ria \u00e9 um alerta para que possamos correr com o nosso projeto para regulamentar as carreiras exclusivas de Estado, conforme prev\u00ea o artigo 247 da Constitui\u00e7\u00e3o Federal\u201d, defendeu Marques.<\/p>\n<p>O Fonacate\u00a0contratou especialista para elaborar um anteprojeto de lei com a regulamenta\u00e7\u00e3o e as garantias que devem ser dadas \u00e0s carreiras t\u00edpicas de Estado.<\/p>\n<p>\u201cVamos acompanhar a tramita\u00e7\u00e3o desse PL para que ele n\u00e3o seja prejudicial nem para o funcionalismo e nem para os trabalhadores da iniciativa privada\u201d, concluiu o presidente do F\u00f3rum.<\/p>\n<p><strong>Funpresp<\/strong><\/p>\n<p>Rudinei falou ainda sobre as elei\u00e7\u00f5es para os Conselhos Fiscal e Deliberativo e para os Comit\u00eas de assessoramento t\u00e9cnico dos planos Executivo (ExecPrev) e do Legislativo (LegisPrev) da Funda\u00e7\u00e3o de Previd\u00eancia Complementar do Servidor P\u00fablico Federal do Poder Executivo (Funpresp).<\/p>\n<p>A vota\u00e7\u00e3o ser\u00e1 nos dias 13,14 e 15 de mar\u00e7o. O Fonacate colaborou com a forma\u00e7\u00e3o das chapas dos comit\u00eas t\u00e9cnicos e servidores das carreiras de Estado concorrem aos conselhos. Clique <a href=\"http:\/\/eleicoes.funpresp.com.br\/\"><strong>aqui<\/strong><\/a> para conhecer as chapas e saber como votar.<\/p>\n<p>&nbsp;<\/p>\n<p>&nbsp;<\/p>\n<p>&nbsp;<\/p>\n<p>&nbsp;<\/p>\n","protected":false},"excerpt":{"rendered":"<p>Ato nacional ser\u00e1 em todo o pa\u00eds contra a PEC 287\/2016 Em Assembleia Geral na tarde desta segunda-feira (6), as entidades afiliadas ao F\u00f3rum Nacional das Carreiras T\u00edpicas de Estado (Fonacate) aprovaram uma grande mobiliza\u00e7\u00e3o em todo o pa\u00eds contra a reforma da Previd\u00eancia, com base na Proposta de Emenda\u00a0\u00e0 Constitui\u00e7\u00e3o (PEC) 287\/2016, no pr\u00f3ximo dia 15 de mar\u00e7o. O [&hellip;]<\/p>\n","protected":false},"author":27,"featured_media":0,"comment_status":"open","ping_status":"closed","sticky":false,"template":"","format":"standard","meta":{"footnotes":""},"categories":[2719],"tags":[21,55,56,82,5270,481,1263,5271,70,1888,4662,549,711,58,19],"class_list":["post-4512","post","type-post","status-publish","format-standard","hentry","category-servidor","tag-ato","tag-carreiras","tag-estado","tag-fonacate","tag-margaridas","tag-mobilizacao","tag-mulheres","tag-museu-nacional-da-republica","tag-nacional","tag-parar","tag-pec-2872016","tag-previdencia","tag-reforma","tag-servidores","tag-trabalhadores"],"_links":{"self":[{"href":"https:\/\/blogs.correiobraziliense.com.br\/servidor\/wp-json\/wp\/v2\/posts\/4512","targetHints":{"allow":["GET"]}}],"collection":[{"href":"https:\/\/blogs.correiobraziliense.com.br\/servidor\/wp-json\/wp\/v2\/posts"}],"about":[{"href":"https:\/\/blogs.correiobraziliense.com.br\/servidor\/wp-json\/wp\/v2\/types\/post"}],"author":[{"embeddable":true,"href":"https:\/\/blogs.correiobraziliense.com.br\/servidor\/wp-json\/wp\/v2\/users\/27"}],"replies":[{"embeddable":true,"href":"https:\/\/blogs.correiobraziliense.com.br\/servidor\/wp-json\/wp\/v2\/comments?post=4512"}],"version-history":[{"count":1,"href":"https:\/\/blogs.correiobraziliense.com.br\/servidor\/wp-json\/wp\/v2\/posts\/4512\/revisions"}],"predecessor-version":[{"id":4513,"href":"https:\/\/blogs.correiobraziliense.com.br\/servidor\/wp-json\/wp\/v2\/posts\/4512\/revisions\/4513"}],"wp:attachment":[{"href":"https:\/\/blogs.correiobraziliense.com.br\/servidor\/wp-json\/wp\/v2\/media?parent=4512"}],"wp:term":[{"taxonomy":"category","embeddable":true,"href":"https:\/\/blogs.correiobraziliense.com.br\/servidor\/wp-json\/wp\/v2\/categories?post=4512"},{"taxonomy":"post_tag","embeddable":true,"href":"https:\/\/blogs.correiobraziliense.com.br\/servidor\/wp-json\/wp\/v2\/tags?post=4512"}],"curies":[{"name":"wp","href":"https:\/\/api.w.org\/{rel}","templated":true}]}}