{"id":4506,"date":"2017-03-06T11:52:17","date_gmt":"2017-03-06T14:52:17","guid":{"rendered":"https:\/\/blogs.correiobraziliense.com.br\/servidor\/?p=4506"},"modified":"2017-03-06T11:52:17","modified_gmt":"2017-03-06T14:52:17","slug":"ministerio-da-justica-e-acrefi-debatem-estrategia-nacional-de-nao-judicializacao","status":"publish","type":"post","link":"https:\/\/blogs.correiobraziliense.com.br\/servidor\/ministerio-da-justica-e-acrefi-debatem-estrategia-nacional-de-nao-judicializacao\/","title":{"rendered":"Minist\u00e9rio da Justi\u00e7a e Acrefi debatem estrat\u00e9gia nacional de n\u00e3o judicializa\u00e7\u00e3o"},"content":{"rendered":"<p><em>A Associa\u00e7\u00e3o Nacional das Institui\u00e7\u00f5es de Cr\u00e9dito, Financiamento e Investimento (Acrefi) realiza, na sexta-feira (10\/03), das 8h30 \u00e0s 11h30, no Renaissance Hotel \u2013 SP (Al Santos, 2233), evento que discutir\u00e1 a Estrat\u00e9gia Nacional de N\u00e3o Judicializa\u00e7\u00e3o.<\/em><\/p>\n<p>Andr\u00e9 Luiz Lopes dos Santos, diretor do Departamento de Prote\u00e7\u00e3o e Defesa do Consumidor, e Gustavo Jos\u00e9 Marrone de Castro Sampaio, Secret\u00e1rio Nacional, ambos do Minist\u00e9rio da Justi\u00e7a e Cidadania, estar\u00e3o presentes. A advogada-geral da Uni\u00e3o, Grace Maria Fernandes Mendon\u00e7a, e Hilgo Gon\u00e7alves, presidente da Acrefi, tamb\u00e9m s\u00e3o presen\u00e7as confirmadas.<\/p>\n<p><strong>Informa\u00e7\u00f5es<\/strong>: (11) 3081-0732. As inscri\u00e7\u00f5es s\u00e3o gratuitas, contudo as vagas s\u00e3o limitas. Para mais informa\u00e7\u00f5es e inscri\u00e7\u00f5es, acesse <a href=\"http:\/\/www.acrefi.org.br\/\">http:\/\/www.acrefi.org.br<\/a><\/p>\n<p><strong><u>Programa\u00e7\u00e3o:<\/u><\/strong><\/p>\n<p>8h30: Caf\u00e9 da manh\u00e3 de boas-vindas<\/p>\n<p>9h00: Apresenta\u00e7\u00e3o Christiane Pelajo &#8211; Jornalista<\/p>\n<p>9h05: \u00a0\u00a0\u00a0 Abertura Hilgo Gon\u00e7alves &#8211; Presidente da Acrefi<\/p>\n<p>9h20: Consumidor. <a href=\"http:\/\/gov.br\">gov.br<\/a> &#8211; Experi\u00eancias e Perspectivas Andr\u00e9 Luiz Lopes dos Santos: Diretor do Departamento de Prote\u00e7\u00e3o e Defesa do Consumidor &#8211; Minist\u00e9rio da Justi\u00e7a e Cidadania<\/p>\n<p>9h50: Hist\u00f3rico e Objetivos Futuros &#8211; Gustavo Jos\u00e9 Marrone de Castro Sampaio; Secret\u00e1rio Nacional de Justi\u00e7a e Cidadania &#8211; Minist\u00e9rio da Justi\u00e7a e Cidadania<\/p>\n<p>10h20: Coffee Break<\/p>\n<p>10h50:\u00a0 Grace Maria Fernandes Mendon\u00e7a- Advogada-Geral da Uni\u00e3o<\/p>\n<p>11h20: Debate Modera\u00e7\u00e3o: Christiane Pelajo &#8211; Jornalista<\/p>\n<p>11h50\u00a0\u00a0\u00a0 Encerramento<\/p>\n<p><strong>Sobre a Acrefi:<\/strong><\/p>\n<p>A Acrefi \u00e9 uma associa\u00e7\u00e3o com mais de 58 anos de hist\u00f3ria e possui entre suas associadas \u00e0s maiores institui\u00e7\u00f5es financeiras do Pa\u00eds. Em todo esse per\u00edodo, a institui\u00e7\u00e3o manteve-se atenta \u00e0s normas que ordenam o mercado financeiro, auxiliando nas adapta\u00e7\u00f5es exigidas nas constantes mudan\u00e7as implantadas na \u00e1rea de financiamento e priorizando o crescimento nacional.<\/p>\n","protected":false},"excerpt":{"rendered":"<p>A Associa\u00e7\u00e3o Nacional das Institui\u00e7\u00f5es de Cr\u00e9dito, Financiamento e Investimento (Acrefi) realiza, na sexta-feira (10\/03), das 8h30 \u00e0s 11h30, no Renaissance Hotel \u2013 SP (Al Santos, 2233), evento que discutir\u00e1 a Estrat\u00e9gia Nacional de N\u00e3o Judicializa\u00e7\u00e3o. Andr\u00e9 Luiz Lopes dos Santos, diretor do Departamento de Prote\u00e7\u00e3o e Defesa do Consumidor, e Gustavo Jos\u00e9 Marrone de Castro Sampaio, Secret\u00e1rio Nacional, ambos [&hellip;]<\/p>\n","protected":false},"author":27,"featured_media":0,"comment_status":"open","ping_status":"closed","sticky":false,"template":"","format":"standard","meta":{"footnotes":""},"categories":[2719],"tags":[5261,157,4255,1201,2134,1999,1973,70],"class_list":["post-4506","post","type-post","status-publish","format-standard","hentry","category-servidor","tag-acrefi","tag-agu","tag-consumidor","tag-defesa","tag-estrategia","tag-judicializacao","tag-ministerio-da-justica","tag-nacional"],"_links":{"self":[{"href":"https:\/\/blogs.correiobraziliense.com.br\/servidor\/wp-json\/wp\/v2\/posts\/4506","targetHints":{"allow":["GET"]}}],"collection":[{"href":"https:\/\/blogs.correiobraziliense.com.br\/servidor\/wp-json\/wp\/v2\/posts"}],"about":[{"href":"https:\/\/blogs.correiobraziliense.com.br\/servidor\/wp-json\/wp\/v2\/types\/post"}],"author":[{"embeddable":true,"href":"https:\/\/blogs.correiobraziliense.com.br\/servidor\/wp-json\/wp\/v2\/users\/27"}],"replies":[{"embeddable":true,"href":"https:\/\/blogs.correiobraziliense.com.br\/servidor\/wp-json\/wp\/v2\/comments?post=4506"}],"version-history":[{"count":1,"href":"https:\/\/blogs.correiobraziliense.com.br\/servidor\/wp-json\/wp\/v2\/posts\/4506\/revisions"}],"predecessor-version":[{"id":4507,"href":"https:\/\/blogs.correiobraziliense.com.br\/servidor\/wp-json\/wp\/v2\/posts\/4506\/revisions\/4507"}],"wp:attachment":[{"href":"https:\/\/blogs.correiobraziliense.com.br\/servidor\/wp-json\/wp\/v2\/media?parent=4506"}],"wp:term":[{"taxonomy":"category","embeddable":true,"href":"https:\/\/blogs.correiobraziliense.com.br\/servidor\/wp-json\/wp\/v2\/categories?post=4506"},{"taxonomy":"post_tag","embeddable":true,"href":"https:\/\/blogs.correiobraziliense.com.br\/servidor\/wp-json\/wp\/v2\/tags?post=4506"}],"curies":[{"name":"wp","href":"https:\/\/api.w.org\/{rel}","templated":true}]}}