{"id":4504,"date":"2017-03-06T11:46:34","date_gmt":"2017-03-06T14:46:34","guid":{"rendered":"https:\/\/blogs.correiobraziliense.com.br\/servidor\/?p=4504"},"modified":"2017-03-06T11:46:34","modified_gmt":"2017-03-06T14:46:34","slug":"registro-sindical-da-asmetro-sn-foi-publicado-no-dou","status":"publish","type":"post","link":"https:\/\/blogs.correiobraziliense.com.br\/servidor\/registro-sindical-da-asmetro-sn-foi-publicado-no-dou\/","title":{"rendered":"Registro sindical da Asmetro-SN foi publicado no DOU"},"content":{"rendered":"<p>O Minist\u00e9rio do Trabalho aprovou o registro sindical da Associa\u00e7\u00e3o Nacional dos Servidores do Inmetro (Asmetro-SN) \u00a0para representar a categoria Profissional dos Servidores e Trabalhadores das Carreiras e Cargos das \u00c1reas de Metrologia, Qualidade e Tecnologia, Rede Brasileira de Metrologia Legal, Qualidade do Inmetro e das \u00e1reas de Qualidade, Inova\u00e7\u00e3o e de Acredita\u00e7\u00e3o, com abrang\u00eancia Nacional<\/p>\n<p>No texto publicado hoje no Di\u00e1rio Oficial da Uni\u00e3o (DOU), o secret\u00e1rio de rela\u00e7\u00f5es do trabalho, Carlos Cavalcante de Lacerda, resolve excluir da representa\u00e7\u00e3o do Sindiserf\/RS (Sindicato dos Servidores Federais do Rio Grande do Sul).<\/p>\n","protected":false},"excerpt":{"rendered":"<p>O Minist\u00e9rio do Trabalho aprovou o registro sindical da Associa\u00e7\u00e3o Nacional dos Servidores do Inmetro (Asmetro-SN) \u00a0para representar a categoria Profissional dos Servidores e Trabalhadores das Carreiras e Cargos das \u00c1reas de Metrologia, Qualidade e Tecnologia, Rede Brasileira de Metrologia Legal, Qualidade do Inmetro e das \u00e1reas de Qualidade, Inova\u00e7\u00e3o e de Acredita\u00e7\u00e3o, com abrang\u00eancia Nacional No texto publicado hoje [&hellip;]<\/p>\n","protected":false},"author":27,"featured_media":0,"comment_status":"open","ping_status":"closed","sticky":false,"template":"","format":"standard","meta":{"footnotes":""},"categories":[2719],"tags":[5260,1769,2841,2625,4319],"class_list":["post-4504","post","type-post","status-publish","format-standard","hentry","category-servidor","tag-asmetro-sn","tag-dou","tag-ministerio-do-trabalho","tag-registro","tag-sindical"],"_links":{"self":[{"href":"https:\/\/blogs.correiobraziliense.com.br\/servidor\/wp-json\/wp\/v2\/posts\/4504","targetHints":{"allow":["GET"]}}],"collection":[{"href":"https:\/\/blogs.correiobraziliense.com.br\/servidor\/wp-json\/wp\/v2\/posts"}],"about":[{"href":"https:\/\/blogs.correiobraziliense.com.br\/servidor\/wp-json\/wp\/v2\/types\/post"}],"author":[{"embeddable":true,"href":"https:\/\/blogs.correiobraziliense.com.br\/servidor\/wp-json\/wp\/v2\/users\/27"}],"replies":[{"embeddable":true,"href":"https:\/\/blogs.correiobraziliense.com.br\/servidor\/wp-json\/wp\/v2\/comments?post=4504"}],"version-history":[{"count":1,"href":"https:\/\/blogs.correiobraziliense.com.br\/servidor\/wp-json\/wp\/v2\/posts\/4504\/revisions"}],"predecessor-version":[{"id":4505,"href":"https:\/\/blogs.correiobraziliense.com.br\/servidor\/wp-json\/wp\/v2\/posts\/4504\/revisions\/4505"}],"wp:attachment":[{"href":"https:\/\/blogs.correiobraziliense.com.br\/servidor\/wp-json\/wp\/v2\/media?parent=4504"}],"wp:term":[{"taxonomy":"category","embeddable":true,"href":"https:\/\/blogs.correiobraziliense.com.br\/servidor\/wp-json\/wp\/v2\/categories?post=4504"},{"taxonomy":"post_tag","embeddable":true,"href":"https:\/\/blogs.correiobraziliense.com.br\/servidor\/wp-json\/wp\/v2\/tags?post=4504"}],"curies":[{"name":"wp","href":"https:\/\/api.w.org\/{rel}","templated":true}]}}