{"id":4495,"date":"2017-03-04T09:01:26","date_gmt":"2017-03-04T12:01:26","guid":{"rendered":"https:\/\/blogs.correiobraziliense.com.br\/servidor\/?p=4495"},"modified":"2017-03-03T21:07:23","modified_gmt":"2017-03-04T00:07:23","slug":"sao-jose-do-rio-preto-tera-curso-de-especializacao-em-engenharia-de-seguranca-do-trabalho-com-foco-no-agronegocio","status":"publish","type":"post","link":"https:\/\/blogs.correiobraziliense.com.br\/servidor\/sao-jose-do-rio-preto-tera-curso-de-especializacao-em-engenharia-de-seguranca-do-trabalho-com-foco-no-agronegocio\/","title":{"rendered":"Curso de especializa\u00e7\u00e3o em Engenharia de Seguran\u00e7a do Trabalho com foco no agroneg\u00f3cio"},"content":{"rendered":"<p style=\"text-align: left\" align=\"center\"><em>O curso de p\u00f3s-gradua\u00e7\u00e3o oferecido pelo Instituto Superior de Inova\u00e7\u00e3o e Tecnologia (Isitec) ir\u00e1 conferir ao estudante uma nova habilita\u00e7\u00e3o profissional<\/em><\/p>\n<p>O Instituto de Inova\u00e7\u00e3o e Tecnologia (Isitec) oferecer\u00e1, a partir de 19 de maio em S\u00e3o Jos\u00e9 do Rio Preto (SP), o curso de p\u00f3s-gradua\u00e7\u00e3o Engenharia de Seguran\u00e7a do Trabalho, com dura\u00e7\u00e3o de dois anos. O curso dar\u00e1 ao estudante uma nova habilita\u00e7\u00e3o profissional que o permitir\u00e1 atuar em diversas \u00e1reas.<\/p>\n<p>Como diferencial, a p\u00f3s-gradua\u00e7\u00e3o Engenharia de Seguran\u00e7a do Trabalho possui uma grade curricular com conhecimentos espec\u00edficos sobre o agroneg\u00f3cio.<\/p>\n<p>Ou seja, al\u00e9m das disciplinas regulares previstas para que o profissional se especialize e atue em qualquer \u00e1rea da engenharia, o curso tamb\u00e9m contar\u00e1 com um m\u00f3dulo espec\u00edfico sobre o campo, abordando, por exemplo, as condi\u00e7\u00f5es de seguran\u00e7a e o meio ambiente do trabalho nas atividades rurais, ampliando as possibilidades de atua\u00e7\u00e3o em atividades rurais e no agroneg\u00f3cio.<\/p>\n<p>Com essa grade curricular, o Isitec inovou ao associar conhecimentos espec\u00edficos do agroneg\u00f3cio ao curso, j\u00e1 que essa \u00e9 uma \u00e1rea de atua\u00e7\u00e3o importante e carente de profissionais especializados.<\/p>\n<p>O objetivo \u00e9 expandir a qualifica\u00e7\u00e3o dos profissionais considerando o melhor aproveitamento das oportunidades do mercado de trabalho, bem como ampliar o uso do conhecimento, da tecnologia e da engenharia no campo.<\/p>\n<p>A coordena\u00e7\u00e3o t\u00e9cnica do curso \u00e9 do professor Celso Atienza, renomado especialista em Engenharia de Seguran\u00e7a do Trabalho. Em sua avalia\u00e7\u00e3o, a p\u00f3s-gradua\u00e7\u00e3o visa ampliar a qualifica\u00e7\u00e3o do agroneg\u00f3cio brasileiro.<\/p>\n<p>\u201cPrecisamos de uma agricultura com pr\u00e1ticas cada vez mais sustent\u00e1veis, executadas por t\u00e9cnicos que tenham a capacidade para acompanhar o avan\u00e7o tecnol\u00f3gico representados pelo surgimento de novos equipamentos, novos m\u00e9todos e processos de trabalho. Tivemos a preocupa\u00e7\u00e3o em formatar um curso que pense em gera\u00e7\u00e3o de empregos, em sustentabilidade e em criar melhores condi\u00e7\u00f5es de trabalho\u201d, diz Atienza.<\/p>\n<p>As aulas ser\u00e3o ministradas semanalmente nos fins de semana (sextas \u00e0 noite e s\u00e1bados nos per\u00edodos manh\u00e3 e tarde), com carga hor\u00e1ria de 680 horas e dura\u00e7\u00e3o de dois anos.<\/p>\n<p>As inscri\u00e7\u00f5es podem ser feitas na delegacia sindical do Sindicato dos Engenheiros de S\u00e3o Paulo (SEESP) em S\u00e3o Jos\u00e9 do Rio Preto.<\/p>\n<p><strong>Informa\u00e7\u00f5es<\/strong><\/p>\n<p>O curso ter\u00e1 dura\u00e7\u00e3o de dois anos, com investimento em 24 parcelas mensais no valor de R$ 700. O valor permanecer\u00e1 o mesmo durante os dois anos do curso.<\/p>\n<p>Associados SEESP t\u00eam 10% de desconto. O mesmo percentual de desconto tamb\u00e9m ser\u00e1 aplicado aos profissionais vinculados ao Sinaenco e ao Sinduscon e aos profissionais registrados e em dia com o pagamento da anuidade junto ao Crea-SP.<\/p>\n<p><strong>Isitec<\/strong><\/p>\n<p>O Isitec \u00e9 uma institui\u00e7\u00e3o de ensino superior que em 2015 passou a oferecer o curso de Gradua\u00e7\u00e3o em Engenharia de Inova\u00e7\u00e3o, sendo a primeira faculdade no pa\u00eds estruturada e mantida por uma entidade de trabalhadores, o Sindicato dos Engenheiros no Estado de S\u00e3o Paulo (SEESP).<\/p>\n<p><strong>Informa\u00e7\u00f5es e inscri\u00e7\u00f5es<\/strong>:<\/p>\n<p>Fone: (17) 3232-6299<\/p>\n<p><a title=\"blocked::mailto:sjriopreto@seesp.org.br\" href=\"mailto:sjriopreto@seesp.org.br\"><span title=\"blocked::mailto:sjriopreto@seesp.org.br\"><span title=\"blocked::mailto:sjriopreto@seesp.org.br\">sjriopreto@seesp.org.br<\/span><\/span><\/a><\/p>\n<p><strong>Isitec<\/strong><\/p>\n<p>(11) 3254-6850<\/p>\n<p><a title=\"blocked::mailto:pos@isitec.edu.br\" href=\"mailto:pos@isitec.edu.br\"><span title=\"blocked::mailto:pos@isitec.edu.br\"><span title=\"blocked::mailto:pos@isitec.edu.br\">pos@isitec.edu.br<\/span><\/span><\/a><\/p>\n","protected":false},"excerpt":{"rendered":"<p>O curso de p\u00f3s-gradua\u00e7\u00e3o oferecido pelo Instituto Superior de Inova\u00e7\u00e3o e Tecnologia (Isitec) ir\u00e1 conferir ao estudante uma nova habilita\u00e7\u00e3o profissional O Instituto de Inova\u00e7\u00e3o e Tecnologia (Isitec) oferecer\u00e1, a partir de 19 de maio em S\u00e3o Jos\u00e9 do Rio Preto (SP), o curso de p\u00f3s-gradua\u00e7\u00e3o Engenharia de Seguran\u00e7a do Trabalho, com dura\u00e7\u00e3o de dois anos. O curso dar\u00e1 ao [&hellip;]<\/p>\n","protected":false},"author":27,"featured_media":0,"comment_status":"open","ping_status":"closed","sticky":false,"template":"","format":"standard","meta":{"footnotes":""},"categories":[2719],"tags":[5249,463,5107,1076,5248,4337,5106,2962,781,217,5250,4340,3793,3123,774],"class_list":["post-4495","post","type-post","status-publish","format-standard","hentry","category-servidor","tag-agronegocio","tag-atividades","tag-curricular","tag-curso","tag-engenharia-de-seguranca-do-trabalho","tag-especializacao","tag-grade","tag-habilitacao","tag-inscricoes","tag-investimento","tag-isitec","tag-pos-graduacao","tag-qualificacao","tag-rurais","tag-valor"],"_links":{"self":[{"href":"https:\/\/blogs.correiobraziliense.com.br\/servidor\/wp-json\/wp\/v2\/posts\/4495","targetHints":{"allow":["GET"]}}],"collection":[{"href":"https:\/\/blogs.correiobraziliense.com.br\/servidor\/wp-json\/wp\/v2\/posts"}],"about":[{"href":"https:\/\/blogs.correiobraziliense.com.br\/servidor\/wp-json\/wp\/v2\/types\/post"}],"author":[{"embeddable":true,"href":"https:\/\/blogs.correiobraziliense.com.br\/servidor\/wp-json\/wp\/v2\/users\/27"}],"replies":[{"embeddable":true,"href":"https:\/\/blogs.correiobraziliense.com.br\/servidor\/wp-json\/wp\/v2\/comments?post=4495"}],"version-history":[{"count":1,"href":"https:\/\/blogs.correiobraziliense.com.br\/servidor\/wp-json\/wp\/v2\/posts\/4495\/revisions"}],"predecessor-version":[{"id":4496,"href":"https:\/\/blogs.correiobraziliense.com.br\/servidor\/wp-json\/wp\/v2\/posts\/4495\/revisions\/4496"}],"wp:attachment":[{"href":"https:\/\/blogs.correiobraziliense.com.br\/servidor\/wp-json\/wp\/v2\/media?parent=4495"}],"wp:term":[{"taxonomy":"category","embeddable":true,"href":"https:\/\/blogs.correiobraziliense.com.br\/servidor\/wp-json\/wp\/v2\/categories?post=4495"},{"taxonomy":"post_tag","embeddable":true,"href":"https:\/\/blogs.correiobraziliense.com.br\/servidor\/wp-json\/wp\/v2\/tags?post=4495"}],"curies":[{"name":"wp","href":"https:\/\/api.w.org\/{rel}","templated":true}]}}