{"id":4490,"date":"2017-03-04T08:00:16","date_gmt":"2017-03-04T11:00:16","guid":{"rendered":"https:\/\/blogs.correiobraziliense.com.br\/servidor\/?p=4490"},"modified":"2017-03-03T20:53:32","modified_gmt":"2017-03-03T23:53:32","slug":"mec-libera-r-516-milhoes-para-hospitais-universitarios","status":"publish","type":"post","link":"https:\/\/blogs.correiobraziliense.com.br\/servidor\/mec-libera-r-516-milhoes-para-hospitais-universitarios\/","title":{"rendered":"MEC libera R$ 51,6 milh\u00f5es para hospitais universit\u00e1rios"},"content":{"rendered":"<p>O Minist\u00e9rio da Educa\u00e7\u00e3o liberou R$ 51,6 milh\u00f5es para a Empresa Brasileira de Servi\u00e7os Hospitalares (Ebserh), \u00f3rg\u00e3o vinculado \u00e0 pasta, na quinta-feira, 2. Do total, R$ 38,7 milh\u00f5es ser\u00e3o para o Programa Nacional de Reestrutura\u00e7\u00e3o dos Hospitais Universit\u00e1rios Federais (Rehuf) para cobrir despesas de contratos e manuten\u00e7\u00e3o que os hospitais universit\u00e1rios federais tiveram em 2016 com obras, reformas, aquisi\u00e7\u00e3o de equipamentos, amplia\u00e7\u00f5es e compra de materiais.<\/p>\n<p>Al\u00e9m dos valores destinados ao Rehuf, outros R$ 4,94 milh\u00f5es ser\u00e3o aplicados no pagamento de contratos e despesas com manuten\u00e7\u00e3o da Ebserh e R$ 7,9 milh\u00f5es v\u00e3o atender ao Programa Mais M\u00e9dicos.<\/p>\n<p>A Ebserh administra atualmente 39 hospitais universit\u00e1rios federais. Para o presidente da empresa, Kleber Morais, os hospitais universit\u00e1rios s\u00e3o de refer\u00eancia e a libera\u00e7\u00e3o dos recursos refor\u00e7a a preocupa\u00e7\u00e3o do MEC com as unidades federais do pa\u00eds.<\/p>\n<p>\u201cEssa velocidade com que o MEC tem atendido \u00e0s necessidades da Ebserh mostra exatamente a preocupa\u00e7\u00e3o do Minist\u00e9rio da Educa\u00e7\u00e3o com os hospitais universit\u00e1rios que s\u00e3o respons\u00e1veis pela aten\u00e7\u00e3o \u00e0 nossa popula\u00e7\u00e3o carente, que procura o hospital universit\u00e1rio, al\u00e9m de tratar o hospital universit\u00e1rio como um hospital de ensino, que promove o aprendizado em toda a \u00e1rea da sa\u00fade\u201d, ressalta o presidente.<\/p>\n","protected":false},"excerpt":{"rendered":"<p>O Minist\u00e9rio da Educa\u00e7\u00e3o liberou R$ 51,6 milh\u00f5es para a Empresa Brasileira de Servi\u00e7os Hospitalares (Ebserh), \u00f3rg\u00e3o vinculado \u00e0 pasta, na quinta-feira, 2. Do total, R$ 38,7 milh\u00f5es ser\u00e3o para o Programa Nacional de Reestrutura\u00e7\u00e3o dos Hospitais Universit\u00e1rios Federais (Rehuf) para cobrir despesas de contratos e manuten\u00e7\u00e3o que os hospitais universit\u00e1rios federais tiveram em 2016 com obras, reformas, aquisi\u00e7\u00e3o de [&hellip;]<\/p>\n","protected":false},"author":27,"featured_media":0,"comment_status":"open","ping_status":"closed","sticky":false,"template":"","format":"standard","meta":{"footnotes":""},"categories":[2719],"tags":[5236,250,235,175,3841,5232,1778,392,151,545,5235,5234,5233],"class_list":["post-4490","post","type-post","status-publish","format-standard","hentry","category-servidor","tag-carente","tag-contratos","tag-despesas","tag-ebserh","tag-hospitais","tag-lbera","tag-manutencao","tag-mec","tag-pagamento","tag-populacao","tag-programa-mais-medicos","tag-rehuf","tag-universitarios"],"_links":{"self":[{"href":"https:\/\/blogs.correiobraziliense.com.br\/servidor\/wp-json\/wp\/v2\/posts\/4490","targetHints":{"allow":["GET"]}}],"collection":[{"href":"https:\/\/blogs.correiobraziliense.com.br\/servidor\/wp-json\/wp\/v2\/posts"}],"about":[{"href":"https:\/\/blogs.correiobraziliense.com.br\/servidor\/wp-json\/wp\/v2\/types\/post"}],"author":[{"embeddable":true,"href":"https:\/\/blogs.correiobraziliense.com.br\/servidor\/wp-json\/wp\/v2\/users\/27"}],"replies":[{"embeddable":true,"href":"https:\/\/blogs.correiobraziliense.com.br\/servidor\/wp-json\/wp\/v2\/comments?post=4490"}],"version-history":[{"count":1,"href":"https:\/\/blogs.correiobraziliense.com.br\/servidor\/wp-json\/wp\/v2\/posts\/4490\/revisions"}],"predecessor-version":[{"id":4491,"href":"https:\/\/blogs.correiobraziliense.com.br\/servidor\/wp-json\/wp\/v2\/posts\/4490\/revisions\/4491"}],"wp:attachment":[{"href":"https:\/\/blogs.correiobraziliense.com.br\/servidor\/wp-json\/wp\/v2\/media?parent=4490"}],"wp:term":[{"taxonomy":"category","embeddable":true,"href":"https:\/\/blogs.correiobraziliense.com.br\/servidor\/wp-json\/wp\/v2\/categories?post=4490"},{"taxonomy":"post_tag","embeddable":true,"href":"https:\/\/blogs.correiobraziliense.com.br\/servidor\/wp-json\/wp\/v2\/tags?post=4490"}],"curies":[{"name":"wp","href":"https:\/\/api.w.org\/{rel}","templated":true}]}}