{"id":449,"date":"2015-09-17T18:25:00","date_gmt":"2015-09-17T21:25:00","guid":{"rendered":"https:\/\/blogs.correiobraziliense.com.br\/servidor\/professores_federais_querem_voltar_a_negociar_com_o_mec\/"},"modified":"2016-05-13T19:31:49","modified_gmt":"2016-05-13T22:31:49","slug":"professores_federais_querem_voltar_a_negociar_com_o_mec","status":"publish","type":"post","link":"https:\/\/blogs.correiobraziliense.com.br\/servidor\/professores_federais_querem_voltar_a_negociar_com_o_mec\/","title":{"rendered":"PROFESSORES FEDERAIS QUEREM VOLTAR A NEGOCIAR COM O MEC"},"content":{"rendered":"<p><i>O Comando Nacional de Greve dos docentes federais do Andes-SN vai protocolar, amanh\u00e3, \u00e0s 10 horas, novos elementos para negocia\u00e7\u00e3o, no Minist\u00e9rio da Educa\u00e7\u00e3o (MEC).<\/i>   <\/p>\n<p>Os pontos foram aprovados nas assembleias de base, com a cobran\u00e7a de retomada de di\u00e1logo em torno da pauta espec\u00edfica da greve. O objetivo \u00e9 abrir negocia\u00e7\u00e3o efetiva com o governo, para superar o impasse que levou \u00e0 greve que completa 110 dias hoje.  <\/p>\n<p><i>Bras\u00edlia, 18h25min<\/i>   <\/p>\n","protected":false},"excerpt":{"rendered":"<p>O Comando Nacional de Greve dos docentes federais do Andes-SN vai protocolar, amanh\u00e3, \u00e0s 10 horas, novos elementos para negocia\u00e7\u00e3o, no Minist\u00e9rio da Educa\u00e7\u00e3o (MEC). Os pontos foram aprovados nas assembleias de base, com a cobran\u00e7a de retomada de di\u00e1logo em torno da pauta espec\u00edfica da greve. O objetivo \u00e9 abrir negocia\u00e7\u00e3o efetiva com o governo, para superar o impasse [&hellip;]<\/p>\n","protected":false},"author":27,"featured_media":0,"comment_status":"open","ping_status":"closed","sticky":false,"template":"","format":"standard","meta":{"footnotes":""},"categories":[1],"tags":[],"class_list":["post-449","post","type-post","status-publish","format-standard","hentry","category-sem-categoria"],"_links":{"self":[{"href":"https:\/\/blogs.correiobraziliense.com.br\/servidor\/wp-json\/wp\/v2\/posts\/449","targetHints":{"allow":["GET"]}}],"collection":[{"href":"https:\/\/blogs.correiobraziliense.com.br\/servidor\/wp-json\/wp\/v2\/posts"}],"about":[{"href":"https:\/\/blogs.correiobraziliense.com.br\/servidor\/wp-json\/wp\/v2\/types\/post"}],"author":[{"embeddable":true,"href":"https:\/\/blogs.correiobraziliense.com.br\/servidor\/wp-json\/wp\/v2\/users\/27"}],"replies":[{"embeddable":true,"href":"https:\/\/blogs.correiobraziliense.com.br\/servidor\/wp-json\/wp\/v2\/comments?post=449"}],"version-history":[{"count":1,"href":"https:\/\/blogs.correiobraziliense.com.br\/servidor\/wp-json\/wp\/v2\/posts\/449\/revisions"}],"predecessor-version":[{"id":1663,"href":"https:\/\/blogs.correiobraziliense.com.br\/servidor\/wp-json\/wp\/v2\/posts\/449\/revisions\/1663"}],"wp:attachment":[{"href":"https:\/\/blogs.correiobraziliense.com.br\/servidor\/wp-json\/wp\/v2\/media?parent=449"}],"wp:term":[{"taxonomy":"category","embeddable":true,"href":"https:\/\/blogs.correiobraziliense.com.br\/servidor\/wp-json\/wp\/v2\/categories?post=449"},{"taxonomy":"post_tag","embeddable":true,"href":"https:\/\/blogs.correiobraziliense.com.br\/servidor\/wp-json\/wp\/v2\/tags?post=449"}],"curies":[{"name":"wp","href":"https:\/\/api.w.org\/{rel}","templated":true}]}}