{"id":4486,"date":"2017-03-03T20:04:06","date_gmt":"2017-03-03T23:04:06","guid":{"rendered":"https:\/\/blogs.correiobraziliense.com.br\/servidor\/?p=4486"},"modified":"2017-03-03T20:04:06","modified_gmt":"2017-03-03T23:04:06","slug":"mais-de-592-491-mil-declaracoes-do-irpf-2017-foram-recebidas","status":"publish","type":"post","link":"https:\/\/blogs.correiobraziliense.com.br\/servidor\/mais-de-592-491-mil-declaracoes-do-irpf-2017-foram-recebidas\/","title":{"rendered":"Mais de 592 491 mil declara\u00e7\u00f5es do IRPF 2017 foram recebidas"},"content":{"rendered":"<p><span style=\"font-family: sans-serif;font-size: medium\"><i>O prazo de entrega termina 28 de abril<\/i><\/span><\/p>\n<p><span style=\"font-family: Arial;font-size: medium\">Hoje (3\/3) at\u00e9 as 17 horas,\u00a0 592 491 declara\u00e7\u00f5es foram recebidas pelos sistemas da Receita Federal. De acordo com o supervisor nacional do IR, auditor-fiscal Joaquim Adir, a expectativa \u00e9 de que 28,3 milh\u00f5es de contribuintes entreguem a declara\u00e7\u00e3o. O prazo de entrega da declara\u00e7\u00e3o vai de 2 de mar\u00e7o a 28 de abril.<\/span><\/p>\n<p><span style=\"font-family: Arial;font-size: medium\">Neste ano o programa Receitanet foi incorporado ao PGD IRPF 2017, n\u00e3o sendo mais necess\u00e1ria a sua instala\u00e7\u00e3o em separado<\/span><span style=\"font-size: medium\">.<\/span><\/p>\n","protected":false},"excerpt":{"rendered":"<p>O prazo de entrega termina 28 de abril Hoje (3\/3) at\u00e9 as 17 horas,\u00a0 592 491 declara\u00e7\u00f5es foram recebidas pelos sistemas da Receita Federal. De acordo com o supervisor nacional do IR, auditor-fiscal Joaquim Adir, a expectativa \u00e9 de que 28,3 milh\u00f5es de contribuintes entreguem a declara\u00e7\u00e3o. O prazo de entrega da declara\u00e7\u00e3o vai de 2 de mar\u00e7o a 28 [&hellip;]<\/p>\n","protected":false},"author":27,"featured_media":0,"comment_status":"open","ping_status":"closed","sticky":false,"template":"","format":"standard","meta":{"footnotes":""},"categories":[2719],"tags":[1218,5102,5224,294],"class_list":["post-4486","post","type-post","status-publish","format-standard","hentry","category-servidor","tag-declaracoes","tag-irpf-2017","tag-recebidas","tag-receita-federal"],"_links":{"self":[{"href":"https:\/\/blogs.correiobraziliense.com.br\/servidor\/wp-json\/wp\/v2\/posts\/4486","targetHints":{"allow":["GET"]}}],"collection":[{"href":"https:\/\/blogs.correiobraziliense.com.br\/servidor\/wp-json\/wp\/v2\/posts"}],"about":[{"href":"https:\/\/blogs.correiobraziliense.com.br\/servidor\/wp-json\/wp\/v2\/types\/post"}],"author":[{"embeddable":true,"href":"https:\/\/blogs.correiobraziliense.com.br\/servidor\/wp-json\/wp\/v2\/users\/27"}],"replies":[{"embeddable":true,"href":"https:\/\/blogs.correiobraziliense.com.br\/servidor\/wp-json\/wp\/v2\/comments?post=4486"}],"version-history":[{"count":1,"href":"https:\/\/blogs.correiobraziliense.com.br\/servidor\/wp-json\/wp\/v2\/posts\/4486\/revisions"}],"predecessor-version":[{"id":4487,"href":"https:\/\/blogs.correiobraziliense.com.br\/servidor\/wp-json\/wp\/v2\/posts\/4486\/revisions\/4487"}],"wp:attachment":[{"href":"https:\/\/blogs.correiobraziliense.com.br\/servidor\/wp-json\/wp\/v2\/media?parent=4486"}],"wp:term":[{"taxonomy":"category","embeddable":true,"href":"https:\/\/blogs.correiobraziliense.com.br\/servidor\/wp-json\/wp\/v2\/categories?post=4486"},{"taxonomy":"post_tag","embeddable":true,"href":"https:\/\/blogs.correiobraziliense.com.br\/servidor\/wp-json\/wp\/v2\/tags?post=4486"}],"curies":[{"name":"wp","href":"https:\/\/api.w.org\/{rel}","templated":true}]}}