{"id":4484,"date":"2017-03-03T20:01:01","date_gmt":"2017-03-03T23:01:01","guid":{"rendered":"https:\/\/blogs.correiobraziliense.com.br\/servidor\/?p=4484"},"modified":"2017-03-03T20:01:01","modified_gmt":"2017-03-03T23:01:01","slug":"mpfdf-cobra-regulamentacao-da-importacao-de-sementes-de-cannabis-sativa-para-fins-de-pesquisa","status":"publish","type":"post","link":"https:\/\/blogs.correiobraziliense.com.br\/servidor\/mpfdf-cobra-regulamentacao-da-importacao-de-sementes-de-cannabis-sativa-para-fins-de-pesquisa\/","title":{"rendered":"MPF\/DF cobra regulamenta\u00e7\u00e3o da importa\u00e7\u00e3o de sementes de cannabis sativa para fins de pesquisa"},"content":{"rendered":"<h1><span style=\"color: #000000;font-family: Arial;font-size: large\">Provid\u00eancia consta de recomenda\u00e7\u00e3o enviada ao presidente da Anvisa e deve ser adotada em at\u00e9 seis meses<\/span><\/h1>\n<div class=\"m_-1132065191391073112western\">\n<div>\n<p>A Ag\u00eancia Nacional de Vigil\u00e2ncia Sanit\u00e1ria (Anvisa) deve regulamentar em, no m\u00e1ximo 180 dias, as atividades de importa\u00e7\u00e3o de sementes, plantio e colheita d<i>a cannabis sativa, <\/i>com finalidade de pesquisa cient\u00edfica. A avalia\u00e7\u00e3o \u00e9 do Minist\u00e9rio P\u00fablico Federal (MPF\/DF) e consta de uma recomenda\u00e7\u00e3o enviada recentemente ao \u00f3rg\u00e3o de fiscaliza\u00e7\u00e3o. No documento, o MPF lembra que decis\u00e3o judicial assegurou tanto a possibilidade da importa\u00e7\u00e3o do <em>Tetrahidrocannabinol<\/em> (THC) e do Cannabidiol (CDB) quanto o desenvolvimento de pesquisas. Extra\u00eddas da <i>cannabis<\/i>, as subst\u00e2ncias t\u00eam sido usadas no controle de algumas doen\u00e7as neurol\u00f3gicas graves como epilepsia refrat\u00e1ria, mal de Parkinson e esclerose m\u00faltipla. O presidente da Anvisa, Jarbas Barbosa, tem 15 dias para informar ao Minist\u00e9rio P\u00fablico se acatar\u00e1 a orienta\u00e7\u00e3o e, em caso afirmativo, descrever as medidas que ser\u00e3o adotadas.<\/p>\n<p>A recomenda\u00e7\u00e3o \u00e9 resultado de inqu\u00e9rito civil instaurado no ano passado pelo MPF com o objetivo de acompanhar o cumprimento da decis\u00e3o liminar concedida em novembro de 2016 pela 16\u00aa Vara Federal em Bras\u00edlia. Na \u00e9poca, o juiz Marcelo Rebello determinou que a Anvisa retirasse o THC da lista de subst\u00e2ncias proibidas no pa\u00eds. No entanto, ap\u00f3s um recurso do \u00f3rg\u00e3o de vigil\u00e2ncia, o magistrado alterou a ordem, estabelecendo que, em vez de excluir a subst\u00e2ncia da lista, a Anvisa inclu\u00edsse um adendo na rela\u00e7\u00e3o, indicando a possibilidade de importa\u00e7\u00e3o para fins medicinais. Ainda na liminar &#8211; concedida no \u00e2mbito de uma a\u00e7\u00e3o civil p\u00fablica proposta em 2014 pelo MPF &#8211; o juiz ordenou que a Anvisa e que o Minist\u00e9rio da Sa\u00fade autorizassem e fiscalizassem a realiza\u00e7\u00e3o de pesquisas cient\u00edficas \u201cda<em> cannabis sativa L.<\/em> e de quaisquer outras esp\u00e9cies e variedades de <em>cannabis<\/em>, bem como dos produtos obtidos a partir dessas plantas\u201d. Medidas que, na avalia\u00e7\u00e3o do Minist\u00e9rio P\u00fablico, ainda n\u00e3o foram efetivadas causando preju\u00edzos a quem que depende das subst\u00e2ncias para tratamentos m\u00e9dicos.<\/p>\n<p>Durante a tramita\u00e7\u00e3o do inqu\u00e9rito civil, o MPF chegou a realizar reuni\u00f5es de trabalho com representantes da Anvisa, al\u00e9m de pedir que o \u00f3rg\u00e3o prestasse informa\u00e7\u00f5es acerca do tema. No entanto, conforme menciona um dos trechos da recomenda\u00e7\u00e3o, a Anvisa informou que as atividades \u201capesar de legalmente permitidas, n\u00e3o s\u00e3o exercidas devido \u00e0 aus\u00eancia de regulamenta\u00e7\u00e3o\u201d. Diante da constata\u00e7\u00e3o de que as provid\u00eancias n\u00e3o foram tomada, o MPF decidiu enviar a recomenda\u00e7\u00e3o. No texto, o procurador da Rep\u00fablica, Frederico de Carvalho Paiva destaca que a Lei 9.782\/99, deixa claro que entre as incumb\u00eancias da Anvisa est\u00e1 a obriga\u00e7\u00e3o de \u201cregulamentar, controlar e fiscalizar os produtos e servi\u00e7os que envolvam riscos \u00e0 sa\u00fade p\u00fablica.<\/p>\n<p>Al\u00e9m da quest\u00e3o da regulamenta\u00e7\u00e3o da importa\u00e7\u00e3o de sementes e do plantio da <em>cannabis<\/em> para fins de pesquisa, o inqu\u00e9rito civil que est\u00e1 em tramita\u00e7\u00e3o na unidade no MPF no Distrito Federal trata de quest\u00f5es como a cobran\u00e7a de taxas impostas pela Anvisa e de outras dificuldades enfrentadas por pessoas que, atualmente, fazem a importa\u00e7\u00e3o do THC e do canabidiol.<\/p>\n<\/div>\n<\/div>\n","protected":false},"excerpt":{"rendered":"<p>Provid\u00eancia consta de recomenda\u00e7\u00e3o enviada ao presidente da Anvisa e deve ser adotada em at\u00e9 seis meses A Ag\u00eancia Nacional de Vigil\u00e2ncia Sanit\u00e1ria (Anvisa) deve regulamentar em, no m\u00e1ximo 180 dias, as atividades de importa\u00e7\u00e3o de sementes, plantio e colheita da cannabis sativa, com finalidade de pesquisa cient\u00edfica. A avalia\u00e7\u00e3o \u00e9 do Minist\u00e9rio P\u00fablico Federal (MPF\/DF) e consta de uma [&hellip;]<\/p>\n","protected":false},"author":27,"featured_media":0,"comment_status":"open","ping_status":"closed","sticky":false,"template":"","format":"standard","meta":{"footnotes":""},"categories":[2719],"tags":[1850,5217,5214,5218,494,207,5219,5221,5223,5212,89,5220,5222,187,2881,923,5213,5215,5216],"class_list":["post-4484","post","type-post","status-publish","format-standard","hentry","category-servidor","tag-anvisa","tag-cannabidiol","tag-cannabis-sativa","tag-cdb","tag-cobra","tag-controle","tag-doencas","tag-epilepsia","tag-esclerose","tag-importacao","tag-mpfdf","tag-neurologicas","tag-parkinson","tag-pesquisa","tag-providencia","tag-regulamentacao","tag-sementes","tag-tetrahidrocannabinol","tag-thc"],"_links":{"self":[{"href":"https:\/\/blogs.correiobraziliense.com.br\/servidor\/wp-json\/wp\/v2\/posts\/4484","targetHints":{"allow":["GET"]}}],"collection":[{"href":"https:\/\/blogs.correiobraziliense.com.br\/servidor\/wp-json\/wp\/v2\/posts"}],"about":[{"href":"https:\/\/blogs.correiobraziliense.com.br\/servidor\/wp-json\/wp\/v2\/types\/post"}],"author":[{"embeddable":true,"href":"https:\/\/blogs.correiobraziliense.com.br\/servidor\/wp-json\/wp\/v2\/users\/27"}],"replies":[{"embeddable":true,"href":"https:\/\/blogs.correiobraziliense.com.br\/servidor\/wp-json\/wp\/v2\/comments?post=4484"}],"version-history":[{"count":1,"href":"https:\/\/blogs.correiobraziliense.com.br\/servidor\/wp-json\/wp\/v2\/posts\/4484\/revisions"}],"predecessor-version":[{"id":4485,"href":"https:\/\/blogs.correiobraziliense.com.br\/servidor\/wp-json\/wp\/v2\/posts\/4484\/revisions\/4485"}],"wp:attachment":[{"href":"https:\/\/blogs.correiobraziliense.com.br\/servidor\/wp-json\/wp\/v2\/media?parent=4484"}],"wp:term":[{"taxonomy":"category","embeddable":true,"href":"https:\/\/blogs.correiobraziliense.com.br\/servidor\/wp-json\/wp\/v2\/categories?post=4484"},{"taxonomy":"post_tag","embeddable":true,"href":"https:\/\/blogs.correiobraziliense.com.br\/servidor\/wp-json\/wp\/v2\/tags?post=4484"}],"curies":[{"name":"wp","href":"https:\/\/api.w.org\/{rel}","templated":true}]}}