{"id":4472,"date":"2017-03-03T13:02:30","date_gmt":"2017-03-03T16:02:30","guid":{"rendered":"https:\/\/blogs.correiobraziliense.com.br\/servidor\/?p=4472"},"modified":"2017-03-03T13:02:30","modified_gmt":"2017-03-03T16:02:30","slug":"policia-federal-de-araraquara-operacao-banda-odio","status":"publish","type":"post","link":"https:\/\/blogs.correiobraziliense.com.br\/servidor\/policia-federal-de-araraquara-operacao-banda-odio\/","title":{"rendered":"Pol\u00edcia Federal de Araraquara &#8211; Opera\u00e7\u00e3o Banda \u00d3dio"},"content":{"rendered":"<p>Araraquara\/SP &#8211; A Pol\u00edcia Federal deflagrou na manh\u00e3 de hoje, 03\/03\/2017, em S\u00e3o Carlos\/SP e em S\u00e3o Paulo\/SP, a Opera\u00e7\u00e3o Banda \u00d3dio, que visa investigar pessoas que, por meio da rede mundial de computadores, divulgam mensagens racistas, atrav\u00e9s de composi\u00e7\u00f5es musicais, contra judeus, mu\u00e7ulmanos e negros, al\u00e9m de exaltar a ra\u00e7a ariana.<\/p>\n<p>O material coletado durante as buscas ser\u00e1 utilizado para identifica\u00e7\u00e3o de eventuais grupos organizados que divulgam mensagens racistas e xenof\u00f3bicas. A conduta caracteriza o delito tipificado no artigo 20, \u00a7 2\u00ba da Lei 7.716\/1989, com pena de reclus\u00e3o de dois a cinco anos e multa.<\/p>\n","protected":false},"excerpt":{"rendered":"<p>Araraquara\/SP &#8211; A Pol\u00edcia Federal deflagrou na manh\u00e3 de hoje, 03\/03\/2017, em S\u00e3o Carlos\/SP e em S\u00e3o Paulo\/SP, a Opera\u00e7\u00e3o Banda \u00d3dio, que visa investigar pessoas que, por meio da rede mundial de computadores, divulgam mensagens racistas, atrav\u00e9s de composi\u00e7\u00f5es musicais, contra judeus, mu\u00e7ulmanos e negros, al\u00e9m de exaltar a ra\u00e7a ariana. O material coletado durante as buscas ser\u00e1 utilizado [&hellip;]<\/p>\n","protected":false},"author":27,"featured_media":0,"comment_status":"open","ping_status":"closed","sticky":false,"template":"","format":"standard","meta":{"footnotes":""},"categories":[2719],"tags":[5203,5199,5204,5198,5201,5019,97,5197,5205,319,104,5202,5200,1781],"class_list":["post-4472","post","type-post","status-publish","format-standard","hentry","category-servidor","tag-ariana","tag-computadores","tag-grupos","tag-investigar","tag-judeus-muculmanos","tag-mensagens","tag-negros","tag-operacao-banda-odio","tag-organizados","tag-pf","tag-policia-federal","tag-raca","tag-racistas","tag-rede"],"_links":{"self":[{"href":"https:\/\/blogs.correiobraziliense.com.br\/servidor\/wp-json\/wp\/v2\/posts\/4472","targetHints":{"allow":["GET"]}}],"collection":[{"href":"https:\/\/blogs.correiobraziliense.com.br\/servidor\/wp-json\/wp\/v2\/posts"}],"about":[{"href":"https:\/\/blogs.correiobraziliense.com.br\/servidor\/wp-json\/wp\/v2\/types\/post"}],"author":[{"embeddable":true,"href":"https:\/\/blogs.correiobraziliense.com.br\/servidor\/wp-json\/wp\/v2\/users\/27"}],"replies":[{"embeddable":true,"href":"https:\/\/blogs.correiobraziliense.com.br\/servidor\/wp-json\/wp\/v2\/comments?post=4472"}],"version-history":[{"count":1,"href":"https:\/\/blogs.correiobraziliense.com.br\/servidor\/wp-json\/wp\/v2\/posts\/4472\/revisions"}],"predecessor-version":[{"id":4473,"href":"https:\/\/blogs.correiobraziliense.com.br\/servidor\/wp-json\/wp\/v2\/posts\/4472\/revisions\/4473"}],"wp:attachment":[{"href":"https:\/\/blogs.correiobraziliense.com.br\/servidor\/wp-json\/wp\/v2\/media?parent=4472"}],"wp:term":[{"taxonomy":"category","embeddable":true,"href":"https:\/\/blogs.correiobraziliense.com.br\/servidor\/wp-json\/wp\/v2\/categories?post=4472"},{"taxonomy":"post_tag","embeddable":true,"href":"https:\/\/blogs.correiobraziliense.com.br\/servidor\/wp-json\/wp\/v2\/tags?post=4472"}],"curies":[{"name":"wp","href":"https:\/\/api.w.org\/{rel}","templated":true}]}}