{"id":4464,"date":"2017-03-03T11:54:54","date_gmt":"2017-03-03T14:54:54","guid":{"rendered":"https:\/\/blogs.correiobraziliense.com.br\/servidor\/?p=4464"},"modified":"2017-03-03T11:54:54","modified_gmt":"2017-03-03T14:54:54","slug":"bombeiros-nova-prova","status":"publish","type":"post","link":"https:\/\/blogs.correiobraziliense.com.br\/servidor\/bombeiros-nova-prova\/","title":{"rendered":"Bombeiros: nova prova"},"content":{"rendered":"<p>O Corpo de Bombeiros Militar do Distrito Federal divulgou ontem, no <i>Di\u00e1rio Oficial do DF,<\/i> nova data do concurso para oficial, que foi anulado pelo organizador, Instituto de Desenvolvimento Educacional, Cultural e Assistencial Nacional (Idecan), a pedido da corpora\u00e7\u00e3o depois de v\u00e1rias den\u00fancias de irregularidades. Os exames objetivo e discursivo ser\u00e3o aplicados em 26 de mar\u00e7o. As provas ter\u00e3o dura\u00e7\u00e3o de cinco horas, no turno da tarde, das 14h \u00e0s 19h. O local ser\u00e1 divulgado a partir do dia 20.<\/p>\n<p>O certame oferece vagas de oficial em v\u00e1rias \u00e1reas: combatente (115), m\u00e9dico (20), cirurgi\u00e3o-dentista (4), quadro complementar (20), com remunera\u00e7\u00e3o de at\u00e9 R$ 11.654,95. O Idecan foi respons\u00e1vel por outras etapas de concurso, que abrangiam outros cargos, mas apesar de v\u00e1rias den\u00fancias, somente as provas aplicadas em 12 de fevereiro foram anuladas.<\/p>\n<p>O comunicado informa ainda que os candidatos que decidirem desistir da participa\u00e7\u00e3o do certame ter\u00e3o o direito a reembolso do valor recolhido. Para conseguir receber o dinheiro de volta, \u00e9 preciso protocolar um requerimento on-line, que ser\u00e1 disponibilizado no site da banca, al\u00e9m de anexar c\u00f3pia do boleto e comprovante de pagamento da taxa de inscri\u00e7\u00e3o. (<b>MF<\/b>)<\/p>\n<p><b>Anula\u00e7\u00e3o<\/b><\/p>\n<p>A prova do concurso para o cargo de oficial do Corpo de Bombeiros, aplicada em 12 de fevereiro foi anulada pelo Idecan em 14 de fevereiro. De acordo com a banca organizadora, o cancelamento atendeu \u00e0 solicita\u00e7\u00e3o do presidente da Comiss\u00e3o de Execu\u00e7\u00e3o do CBMDF e deveu-se \u00e0 \u201cinconsist\u00eancia havida, relativa \u00e0 aus\u00eancia de folhas de respostas da prova discursiva\u201d. No dia do exame, n\u00e3o foi entregue aos candidatos papel para que passassem a reda\u00e7\u00e3o a limpo, segundo os participantes.<\/p>\n","protected":false},"excerpt":{"rendered":"<p>O Corpo de Bombeiros Militar do Distrito Federal divulgou ontem, no Di\u00e1rio Oficial do DF, nova data do concurso para oficial, que foi anulado pelo organizador, Instituto de Desenvolvimento Educacional, Cultural e Assistencial Nacional (Idecan), a pedido da corpora\u00e7\u00e3o depois de v\u00e1rias den\u00fancias de irregularidades. Os exames objetivo e discursivo ser\u00e3o aplicados em 26 de mar\u00e7o. As provas ter\u00e3o dura\u00e7\u00e3o [&hellip;]<\/p>\n","protected":false},"author":27,"featured_media":0,"comment_status":"open","ping_status":"closed","sticky":false,"template":"","format":"standard","meta":{"footnotes":""},"categories":[2719],"tags":[5184,1165,178,300,457,3442,5185,353,94,3071,5186,703],"class_list":["post-4464","post","type-post","status-publish","format-standard","hentry","category-servidor","tag-anulada","tag-bombeiros","tag-candidatos","tag-cargo","tag-denuncias","tag-exames","tag-idecan","tag-irregularidades","tag-oficial","tag-prova","tag-reembolso","tag-vagas"],"_links":{"self":[{"href":"https:\/\/blogs.correiobraziliense.com.br\/servidor\/wp-json\/wp\/v2\/posts\/4464","targetHints":{"allow":["GET"]}}],"collection":[{"href":"https:\/\/blogs.correiobraziliense.com.br\/servidor\/wp-json\/wp\/v2\/posts"}],"about":[{"href":"https:\/\/blogs.correiobraziliense.com.br\/servidor\/wp-json\/wp\/v2\/types\/post"}],"author":[{"embeddable":true,"href":"https:\/\/blogs.correiobraziliense.com.br\/servidor\/wp-json\/wp\/v2\/users\/27"}],"replies":[{"embeddable":true,"href":"https:\/\/blogs.correiobraziliense.com.br\/servidor\/wp-json\/wp\/v2\/comments?post=4464"}],"version-history":[{"count":1,"href":"https:\/\/blogs.correiobraziliense.com.br\/servidor\/wp-json\/wp\/v2\/posts\/4464\/revisions"}],"predecessor-version":[{"id":4465,"href":"https:\/\/blogs.correiobraziliense.com.br\/servidor\/wp-json\/wp\/v2\/posts\/4464\/revisions\/4465"}],"wp:attachment":[{"href":"https:\/\/blogs.correiobraziliense.com.br\/servidor\/wp-json\/wp\/v2\/media?parent=4464"}],"wp:term":[{"taxonomy":"category","embeddable":true,"href":"https:\/\/blogs.correiobraziliense.com.br\/servidor\/wp-json\/wp\/v2\/categories?post=4464"},{"taxonomy":"post_tag","embeddable":true,"href":"https:\/\/blogs.correiobraziliense.com.br\/servidor\/wp-json\/wp\/v2\/tags?post=4464"}],"curies":[{"name":"wp","href":"https:\/\/api.w.org\/{rel}","templated":true}]}}