{"id":4462,"date":"2017-03-03T11:51:50","date_gmt":"2017-03-03T14:51:50","guid":{"rendered":"https:\/\/blogs.correiobraziliense.com.br\/servidor\/?p=4462"},"modified":"2017-03-03T11:51:50","modified_gmt":"2017-03-03T14:51:50","slug":"prf-quer-abrir-13-mil-vagas","status":"publish","type":"post","link":"https:\/\/blogs.correiobraziliense.com.br\/servidor\/prf-quer-abrir-13-mil-vagas\/","title":{"rendered":"PRF quer abrir 1,3 mil vagas"},"content":{"rendered":"<p><strong>MARIANA FERNANDES<\/strong><\/p>\n<p>Em per\u00edodo de escassez de novos concursos, uma not\u00edcia pode criar grande expectativa nos interessados em ingressar no funcionalismo p\u00fablico. A assessoria da Pol\u00edcia Rodovi\u00e1ria Federal (PRF) confirmou ao Correio que o \u00f3rg\u00e3o solicitou ao Minist\u00e9rio da Justi\u00e7a a realiza\u00e7\u00e3o de novo concurso p\u00fablico para o cargo.<\/p>\n<p>Segundo a PRF, existe a necessidade de preenchimento de 1,3 mil vagas. A pretens\u00e3o \u00e9 de que as nomea\u00e7\u00f5es ocorram a partir de 2018, caso o certame seja autorizado. O pedido ser\u00e1 analisado e encaminhado por meio de aviso ministerial ao Minist\u00e9rio do Planejamento Desenvolvimento e Gest\u00e3o, que decidir\u00e1 sobre a realiza\u00e7\u00e3o.<\/p>\n<p>Atualmente, o sal\u00e1rio inicial para o cargo de policial rodovi\u00e1rio federal \u00e9 de R$ 9.043,98. O n\u00edvel de escolaridade exigido \u00e9 superior em qualquer \u00e1rea de atua\u00e7\u00e3o, desde que o curso seja autorizado pelo Minist\u00e9rio da Educa\u00e7\u00e3o. A carreira tamb\u00e9m pode conceder benef\u00edcios como aumentos progressivos, aux\u00edlio-alimenta\u00e7\u00e3o e outros.<\/p>\n<p>Entre as fun\u00e7\u00f5es de um policial est\u00e3o a fiscaliza\u00e7\u00e3o, patrulhamento e policiamento ostensivo, atendimento \u00e0s v\u00edtimas de acidentes rodovi\u00e1rios.<\/p>\n","protected":false},"excerpt":{"rendered":"<p>MARIANA FERNANDES Em per\u00edodo de escassez de novos concursos, uma not\u00edcia pode criar grande expectativa nos interessados em ingressar no funcionalismo p\u00fablico. A assessoria da Pol\u00edcia Rodovi\u00e1ria Federal (PRF) confirmou ao Correio que o \u00f3rg\u00e3o solicitou ao Minist\u00e9rio da Justi\u00e7a a realiza\u00e7\u00e3o de novo concurso p\u00fablico para o cargo. Segundo a PRF, existe a necessidade de preenchimento de 1,3 mil [&hellip;]<\/p>\n","protected":false},"author":27,"featured_media":0,"comment_status":"open","ping_status":"closed","sticky":false,"template":"","format":"standard","meta":{"footnotes":""},"categories":[2719],"tags":[300,23,1973,2421,122,841,643,703],"class_list":["post-4462","post","type-post","status-publish","format-standard","hentry","category-servidor","tag-cargo","tag-concursos","tag-ministerio-da-justica","tag-mpog","tag-nomeacoes","tag-prf","tag-salario","tag-vagas"],"_links":{"self":[{"href":"https:\/\/blogs.correiobraziliense.com.br\/servidor\/wp-json\/wp\/v2\/posts\/4462","targetHints":{"allow":["GET"]}}],"collection":[{"href":"https:\/\/blogs.correiobraziliense.com.br\/servidor\/wp-json\/wp\/v2\/posts"}],"about":[{"href":"https:\/\/blogs.correiobraziliense.com.br\/servidor\/wp-json\/wp\/v2\/types\/post"}],"author":[{"embeddable":true,"href":"https:\/\/blogs.correiobraziliense.com.br\/servidor\/wp-json\/wp\/v2\/users\/27"}],"replies":[{"embeddable":true,"href":"https:\/\/blogs.correiobraziliense.com.br\/servidor\/wp-json\/wp\/v2\/comments?post=4462"}],"version-history":[{"count":1,"href":"https:\/\/blogs.correiobraziliense.com.br\/servidor\/wp-json\/wp\/v2\/posts\/4462\/revisions"}],"predecessor-version":[{"id":4463,"href":"https:\/\/blogs.correiobraziliense.com.br\/servidor\/wp-json\/wp\/v2\/posts\/4462\/revisions\/4463"}],"wp:attachment":[{"href":"https:\/\/blogs.correiobraziliense.com.br\/servidor\/wp-json\/wp\/v2\/media?parent=4462"}],"wp:term":[{"taxonomy":"category","embeddable":true,"href":"https:\/\/blogs.correiobraziliense.com.br\/servidor\/wp-json\/wp\/v2\/categories?post=4462"},{"taxonomy":"post_tag","embeddable":true,"href":"https:\/\/blogs.correiobraziliense.com.br\/servidor\/wp-json\/wp\/v2\/tags?post=4462"}],"curies":[{"name":"wp","href":"https:\/\/api.w.org\/{rel}","templated":true}]}}