{"id":446,"date":"2015-09-16T21:16:00","date_gmt":"2015-09-17T00:16:00","guid":{"rendered":"https:\/\/blogs.correiobraziliense.com.br\/servidor\/sindifisco_repudia_nota_de_cargo_de_apoio\/"},"modified":"2016-05-13T19:31:53","modified_gmt":"2016-05-13T22:31:53","slug":"sindifisco_repudia_nota_de_cargo_de_apoio","status":"publish","type":"post","link":"https:\/\/blogs.correiobraziliense.com.br\/servidor\/sindifisco_repudia_nota_de_cargo_de_apoio\/","title":{"rendered":"SINDIFISCO REPUDIA NOTA DE CARGO DE APOIO"},"content":{"rendered":"<p><i>O documento, no entender do Sindicato Nacional dos Auditores Fiscais da Receita Federal (Sindifisco Nacional), traz uma s\u00e9rie de inverdades<\/i> <\/p>\n<p>O Sindicato Nacional dos Auditores Fiscais da Receita Federal (Sindifisco Nacional) repudia veementemente a nota publicada neste Blog, na qual um cargo de apoio da Receita Federal &#8211; o dos analistas tribut\u00e1rios &#8211; &#8220;assaca inverdades e del\u00edrios, inclusive dizendo que o ajuste fiscal estaria amea\u00e7ado por conta da transfer\u00eancia de autoridade para o auditor fiscal. Trata-se de uma inverdade, cujo \u00fanico objetivo \u00e9 a desestabiliza\u00e7\u00e3o do ambiente dentro da Receita Federal, por meio da mistifica\u00e7\u00e3o&#8221;.   <\/p>\n<p>De acordo com o documento, por conta da nota divulgada pelo Sindireceita, que representa os analistas, \u00e9 importante esclarecer que:  <\/p>\n<p>1) o processo contra o qual o cargo de apoio verbera \u00e9, e sempre foi, de ocupa\u00e7\u00e3o privativa dos auditores fiscais; 2) o que se pretende, com a nova conforma\u00e7\u00e3o, \u00e9 agilizar o processo decis\u00f3rio dentro da RFB. Isso representa mais efici\u00eancia na an\u00e1lise dos processos fiscais; 3) o poder de decis\u00e3o dentro da RFB \u00e9 extremamente centralizado. Quanto mais descentraliza\u00e7\u00e3o, mais transpar\u00eancia; 4) o processo contra o qual o cargo de apoio se insurge n\u00e3o consiste em qualquer inova\u00e7\u00e3o. O que se est\u00e1 fazendo \u00e9 uma adequa\u00e7\u00e3o da lei; 5) este processo j\u00e1 existe, por exemplo, na Pol\u00edcia Federal. \u00c9 uma maneira de preservar a RFB da inger\u00eancia externa e da influ\u00eancia pol\u00edtica. Quanto mais t\u00e9cnicas forem as tomadas de decis\u00e3o dentro da Receita, melhor para o Pa\u00eds.   <\/p>\n<p>\u201cO gesto desta categoria n\u00e3o ajuda em coisa alguma. \u00c9 extremamente nocivo. Tem por tr\u00e1s o mero desejo de se equiparar aos auditores sem concurso p\u00fablico\u201d, salientou Cl\u00e1udio Damasceno, presidente do Sindifisco Nacional. <\/p>\n<p><i> <\/p>\n<p><\/i><i>Bras\u00edlia, 21h15min<\/i> <\/p>\n<p>   <\/p>\n","protected":false},"excerpt":{"rendered":"<p>O documento, no entender do Sindicato Nacional dos Auditores Fiscais da Receita Federal (Sindifisco Nacional), traz uma s\u00e9rie de inverdades O Sindicato Nacional dos Auditores Fiscais da Receita Federal (Sindifisco Nacional) repudia veementemente a nota publicada neste Blog, na qual um cargo de apoio da Receita Federal &#8211; o dos analistas tribut\u00e1rios &#8211; &#8220;assaca inverdades e del\u00edrios, inclusive dizendo que [&hellip;]<\/p>\n","protected":false},"author":27,"featured_media":0,"comment_status":"open","ping_status":"closed","sticky":false,"template":"","format":"standard","meta":{"footnotes":""},"categories":[1],"tags":[],"class_list":["post-446","post","type-post","status-publish","format-standard","hentry","category-sem-categoria"],"_links":{"self":[{"href":"https:\/\/blogs.correiobraziliense.com.br\/servidor\/wp-json\/wp\/v2\/posts\/446","targetHints":{"allow":["GET"]}}],"collection":[{"href":"https:\/\/blogs.correiobraziliense.com.br\/servidor\/wp-json\/wp\/v2\/posts"}],"about":[{"href":"https:\/\/blogs.correiobraziliense.com.br\/servidor\/wp-json\/wp\/v2\/types\/post"}],"author":[{"embeddable":true,"href":"https:\/\/blogs.correiobraziliense.com.br\/servidor\/wp-json\/wp\/v2\/users\/27"}],"replies":[{"embeddable":true,"href":"https:\/\/blogs.correiobraziliense.com.br\/servidor\/wp-json\/wp\/v2\/comments?post=446"}],"version-history":[{"count":1,"href":"https:\/\/blogs.correiobraziliense.com.br\/servidor\/wp-json\/wp\/v2\/posts\/446\/revisions"}],"predecessor-version":[{"id":1666,"href":"https:\/\/blogs.correiobraziliense.com.br\/servidor\/wp-json\/wp\/v2\/posts\/446\/revisions\/1666"}],"wp:attachment":[{"href":"https:\/\/blogs.correiobraziliense.com.br\/servidor\/wp-json\/wp\/v2\/media?parent=446"}],"wp:term":[{"taxonomy":"category","embeddable":true,"href":"https:\/\/blogs.correiobraziliense.com.br\/servidor\/wp-json\/wp\/v2\/categories?post=446"},{"taxonomy":"post_tag","embeddable":true,"href":"https:\/\/blogs.correiobraziliense.com.br\/servidor\/wp-json\/wp\/v2\/tags?post=446"}],"curies":[{"name":"wp","href":"https:\/\/api.w.org\/{rel}","templated":true}]}}