{"id":4456,"date":"2017-03-03T11:18:53","date_gmt":"2017-03-03T14:18:53","guid":{"rendered":"https:\/\/blogs.correiobraziliense.com.br\/servidor\/?p=4456"},"modified":"2017-03-03T11:18:53","modified_gmt":"2017-03-03T14:18:53","slug":"receita-ja-recebeu-mais-de-492-mil-declaracoes-do-irpf-2017","status":"publish","type":"post","link":"https:\/\/blogs.correiobraziliense.com.br\/servidor\/receita-ja-recebeu-mais-de-492-mil-declaracoes-do-irpf-2017\/","title":{"rendered":"Receita j\u00e1 recebeu mais de 492 mil declara\u00e7\u00f5es do IRPF 2017"},"content":{"rendered":"<p>Hoje (3\/3), segundo dia de entrega, at\u00e9 as 11 horas, 492.441 declara\u00e7\u00f5es foram recebidas pelos sistemas da Receita. De acordo com o supervisor nacional do IR, auditor-fiscal Joaquim Adir, a expectativa \u00e9 de que 28,3 milh\u00f5es de contribuintes entreguem a declara\u00e7\u00e3o. O prazo de entrega da declara\u00e7\u00e3o vai at\u00e9 28 de abril.<\/p>\n<p>Neste ano o programa Receitanet foi incorporado ao PGD IRPF 2017, n\u00e3o sendo mais necess\u00e1ria a sua instala\u00e7\u00e3o em separado.<\/p>\n","protected":false},"excerpt":{"rendered":"<p>Hoje (3\/3), segundo dia de entrega, at\u00e9 as 11 horas, 492.441 declara\u00e7\u00f5es foram recebidas pelos sistemas da Receita. De acordo com o supervisor nacional do IR, auditor-fiscal Joaquim Adir, a expectativa \u00e9 de que 28,3 milh\u00f5es de contribuintes entreguem a declara\u00e7\u00e3o. O prazo de entrega da declara\u00e7\u00e3o vai at\u00e9 28 de abril. Neste ano o programa Receitanet foi incorporado ao [&hellip;]<\/p>\n","protected":false},"author":27,"featured_media":0,"comment_status":"open","ping_status":"closed","sticky":false,"template":"","format":"standard","meta":{"footnotes":""},"categories":[2719],"tags":[515,1218,1273,5102,294,5169],"class_list":["post-4456","post","type-post","status-publish","format-standard","hentry","category-servidor","tag-contribuintes","tag-declaracoes","tag-entrega","tag-irpf-2017","tag-receita-federal","tag-receitanet"],"_links":{"self":[{"href":"https:\/\/blogs.correiobraziliense.com.br\/servidor\/wp-json\/wp\/v2\/posts\/4456","targetHints":{"allow":["GET"]}}],"collection":[{"href":"https:\/\/blogs.correiobraziliense.com.br\/servidor\/wp-json\/wp\/v2\/posts"}],"about":[{"href":"https:\/\/blogs.correiobraziliense.com.br\/servidor\/wp-json\/wp\/v2\/types\/post"}],"author":[{"embeddable":true,"href":"https:\/\/blogs.correiobraziliense.com.br\/servidor\/wp-json\/wp\/v2\/users\/27"}],"replies":[{"embeddable":true,"href":"https:\/\/blogs.correiobraziliense.com.br\/servidor\/wp-json\/wp\/v2\/comments?post=4456"}],"version-history":[{"count":1,"href":"https:\/\/blogs.correiobraziliense.com.br\/servidor\/wp-json\/wp\/v2\/posts\/4456\/revisions"}],"predecessor-version":[{"id":4457,"href":"https:\/\/blogs.correiobraziliense.com.br\/servidor\/wp-json\/wp\/v2\/posts\/4456\/revisions\/4457"}],"wp:attachment":[{"href":"https:\/\/blogs.correiobraziliense.com.br\/servidor\/wp-json\/wp\/v2\/media?parent=4456"}],"wp:term":[{"taxonomy":"category","embeddable":true,"href":"https:\/\/blogs.correiobraziliense.com.br\/servidor\/wp-json\/wp\/v2\/categories?post=4456"},{"taxonomy":"post_tag","embeddable":true,"href":"https:\/\/blogs.correiobraziliense.com.br\/servidor\/wp-json\/wp\/v2\/tags?post=4456"}],"curies":[{"name":"wp","href":"https:\/\/api.w.org\/{rel}","templated":true}]}}