{"id":4448,"date":"2017-03-02T14:40:15","date_gmt":"2017-03-02T17:40:15","guid":{"rendered":"https:\/\/blogs.correiobraziliense.com.br\/servidor\/?p=4448"},"modified":"2017-03-02T15:04:06","modified_gmt":"2017-03-02T18:04:06","slug":"receita-ja-recebeu-mais-de-150-mil-declaracoes-do-irpf-2017","status":"publish","type":"post","link":"https:\/\/blogs.correiobraziliense.com.br\/servidor\/receita-ja-recebeu-mais-de-150-mil-declaracoes-do-irpf-2017\/","title":{"rendered":"Receita j\u00e1 recebeu mais de 150 mil declara\u00e7\u00f5es do IRPF 2017"},"content":{"rendered":"<p>A Receita Federal J\u00e1 recebeu, at\u00e9 as 11 horas de hoje (2\/3), primeiro dia de entrega do Imposto de Renda Pessoa F\u00edsica (IRPF), 150.797 declara\u00e7\u00f5es. De acordo com o supervisor nacional do IR, auditor-fiscal Joaquim Adir, a expectativa \u00e9 de que 28,3 milh\u00f5es de contribuintes entreguem a declara\u00e7\u00e3o at\u00e9 o prazo final, em 28 de abril.<\/p>\n<p>Neste ano o programa Receitanet foi incorporado ao PGD IRPF 2017, n\u00e3o sendo mais necess\u00e1ria a sua instala\u00e7\u00e3o em separado.<\/p>\n<p>Os contribuintes poder\u00e3o usarr quatro programas para a sua declara\u00e7\u00e3o: Programa Gerador da Declara\u00e7\u00e3o do Imposto sobre a Renda da Pessoa F\u00edsica para o exerc\u00edcio de 2017; Programa de Apura\u00e7\u00e3o dos Ganhos de Capital (GCAP 2017); Programa Carn\u00ea Le\u00e3o 2017; e Rascunho da Declara\u00e7\u00e3o. Este \u00faltimo possibilita a ensaiar o invent\u00e1rio para o ano seguinte.<\/p>\n<p>Os contribuintes que enviarem a declara\u00e7\u00e3o no in\u00edcio do prazo, sem erros, omiss\u00f5es ou inconsist\u00eancias, tamb\u00e9m recebem mais cedo as restitui\u00e7\u00f5es do Imposto de Renda \u2013 caso tenham direito a ela. Idosos, portadores de doen\u00e7a grave e deficientes f\u00edsicos ou mentais t\u00eam prioridade. Os valores normalmente come\u00e7am a ser pagos em junho de cada ano pelo governo e seguem at\u00e9 dezembro, geralmente em sete lotes.<\/p>\n<p>&nbsp;<\/p>\n","protected":false},"excerpt":{"rendered":"<p>A Receita Federal J\u00e1 recebeu, at\u00e9 as 11 horas de hoje (2\/3), primeiro dia de entrega do Imposto de Renda Pessoa F\u00edsica (IRPF), 150.797 declara\u00e7\u00f5es. De acordo com o supervisor nacional do IR, auditor-fiscal Joaquim Adir, a expectativa \u00e9 de que 28,3 milh\u00f5es de contribuintes entreguem a declara\u00e7\u00e3o at\u00e9 o prazo final, em 28 de abril. Neste ano o programa [&hellip;]<\/p>\n","protected":false},"author":27,"featured_media":0,"comment_status":"open","ping_status":"closed","sticky":false,"template":"","format":"standard","meta":{"footnotes":""},"categories":[2719],"tags":[515,5102,5170,1174,294,5169],"class_list":["post-4448","post","type-post","status-publish","format-standard","hentry","category-servidor","tag-contribuintes","tag-irpf-2017","tag-pgd","tag-prazo","tag-receita-federal","tag-receitanet"],"_links":{"self":[{"href":"https:\/\/blogs.correiobraziliense.com.br\/servidor\/wp-json\/wp\/v2\/posts\/4448","targetHints":{"allow":["GET"]}}],"collection":[{"href":"https:\/\/blogs.correiobraziliense.com.br\/servidor\/wp-json\/wp\/v2\/posts"}],"about":[{"href":"https:\/\/blogs.correiobraziliense.com.br\/servidor\/wp-json\/wp\/v2\/types\/post"}],"author":[{"embeddable":true,"href":"https:\/\/blogs.correiobraziliense.com.br\/servidor\/wp-json\/wp\/v2\/users\/27"}],"replies":[{"embeddable":true,"href":"https:\/\/blogs.correiobraziliense.com.br\/servidor\/wp-json\/wp\/v2\/comments?post=4448"}],"version-history":[{"count":3,"href":"https:\/\/blogs.correiobraziliense.com.br\/servidor\/wp-json\/wp\/v2\/posts\/4448\/revisions"}],"predecessor-version":[{"id":4453,"href":"https:\/\/blogs.correiobraziliense.com.br\/servidor\/wp-json\/wp\/v2\/posts\/4448\/revisions\/4453"}],"wp:attachment":[{"href":"https:\/\/blogs.correiobraziliense.com.br\/servidor\/wp-json\/wp\/v2\/media?parent=4448"}],"wp:term":[{"taxonomy":"category","embeddable":true,"href":"https:\/\/blogs.correiobraziliense.com.br\/servidor\/wp-json\/wp\/v2\/categories?post=4448"},{"taxonomy":"post_tag","embeddable":true,"href":"https:\/\/blogs.correiobraziliense.com.br\/servidor\/wp-json\/wp\/v2\/tags?post=4448"}],"curies":[{"name":"wp","href":"https:\/\/api.w.org\/{rel}","templated":true}]}}