{"id":4443,"date":"2017-02-23T19:51:22","date_gmt":"2017-02-23T22:51:22","guid":{"rendered":"https:\/\/blogs.correiobraziliense.com.br\/servidor\/?p=4443"},"modified":"2017-02-23T19:51:23","modified_gmt":"2017-02-23T22:51:23","slug":"nota-do-palacio-do-planalto-novo-ministro-da-justica","status":"publish","type":"post","link":"https:\/\/blogs.correiobraziliense.com.br\/servidor\/nota-do-palacio-do-planalto-novo-ministro-da-justica\/","title":{"rendered":"Nota do Pal\u00e1cio do Planalto &#8211; novo ministro da Justi\u00e7a"},"content":{"rendered":"<p>&#8220;O Presidente da Rep\u00fablica anuncia que o Deputado Osmar Serraglio, do Paran\u00e1, aceitou, no dia de hoje, o convite para assumir as elevadas fun\u00e7\u00f5es de Ministro de Estado da Justi\u00e7a e Seguran\u00e7a P\u00fablica.<\/p>\n<p>Jurista e congressista com larga trajet\u00f3ria parlamentar na C\u00e2mara de Deputados, o Deputado Osmar Serraglio traz sua ampla experi\u00eancia profissional e pol\u00edtica para o trabalho de levar adiante a agenda de atribui\u00e7\u00f5es sob sua responsabilidade.<\/p>\n<p>Ao desejar-lhe \u00eaxito em sua miss\u00e3o, o Presidente Michel Temer expressa desde j\u00e1 sua plena confian\u00e7a na capacidade do Ministro Serraglio para conduzir os trabalhos do Minist\u00e9rio da Justi\u00e7a e Seguran\u00e7a P\u00fablica.<\/p>\n<p>O Presidente Michel Temer manifesta, ainda, sua satisfa\u00e7\u00e3o com os dados divulgados hoje que mostram que as contas do Governo Central obtiveram, no m\u00eas de janeiro, um super\u00e1vit prim\u00e1rio de 18 bilh\u00f5es novecentos e sessenta e oito milh\u00f5es de reais, retirando as contas do Pa\u00eds do vermelho. Trata-se do melhor desempenho para o m\u00eas desde 2013.<\/p>\n<p>O n\u00famero hoje divulgado vem somar-se a uma s\u00e9rie de indicadores positivos, como a redu\u00e7\u00e3o da taxa de juros anunciada ontem pelo Banco Central, o aumento expressivo nos fluxos de investimento estrangeiro e os primeiros sinais de uma retomada do emprego.<\/p>\n<p>A tradu\u00e7\u00e3o mais concreta desses dados \u00e9 que o Brasil est\u00e1 deixando para tr\u00e1s a recess\u00e3o e est\u00e1 dando os primeiros passos s\u00f3lidos para um novo ciclo de crescimento duradouro e sustent\u00e1vel.&#8221;<\/p>\n","protected":false},"excerpt":{"rendered":"<p>&#8220;O Presidente da Rep\u00fablica anuncia que o Deputado Osmar Serraglio, do Paran\u00e1, aceitou, no dia de hoje, o convite para assumir as elevadas fun\u00e7\u00f5es de Ministro de Estado da Justi\u00e7a e Seguran\u00e7a P\u00fablica. Jurista e congressista com larga trajet\u00f3ria parlamentar na C\u00e2mara de Deputados, o Deputado Osmar Serraglio traz sua ampla experi\u00eancia profissional e pol\u00edtica para o trabalho de levar [&hellip;]<\/p>\n","protected":false},"author":27,"featured_media":0,"comment_status":"open","ping_status":"closed","sticky":false,"template":"","format":"standard","meta":{"footnotes":""},"categories":[2719],"tags":[5167,260,2474,35,37,3473,5166,5168,208,4360],"class_list":["post-4443","post","type-post","status-publish","format-standard","hentry","category-servidor","tag-congressista","tag-justica","tag-michel-temer","tag-ministro","tag-nota","tag-palacio-do-planalto","tag-presidente-da-republica","tag-satisfacao","tag-seguranca","tag-trajetoria"],"_links":{"self":[{"href":"https:\/\/blogs.correiobraziliense.com.br\/servidor\/wp-json\/wp\/v2\/posts\/4443","targetHints":{"allow":["GET"]}}],"collection":[{"href":"https:\/\/blogs.correiobraziliense.com.br\/servidor\/wp-json\/wp\/v2\/posts"}],"about":[{"href":"https:\/\/blogs.correiobraziliense.com.br\/servidor\/wp-json\/wp\/v2\/types\/post"}],"author":[{"embeddable":true,"href":"https:\/\/blogs.correiobraziliense.com.br\/servidor\/wp-json\/wp\/v2\/users\/27"}],"replies":[{"embeddable":true,"href":"https:\/\/blogs.correiobraziliense.com.br\/servidor\/wp-json\/wp\/v2\/comments?post=4443"}],"version-history":[{"count":1,"href":"https:\/\/blogs.correiobraziliense.com.br\/servidor\/wp-json\/wp\/v2\/posts\/4443\/revisions"}],"predecessor-version":[{"id":4444,"href":"https:\/\/blogs.correiobraziliense.com.br\/servidor\/wp-json\/wp\/v2\/posts\/4443\/revisions\/4444"}],"wp:attachment":[{"href":"https:\/\/blogs.correiobraziliense.com.br\/servidor\/wp-json\/wp\/v2\/media?parent=4443"}],"wp:term":[{"taxonomy":"category","embeddable":true,"href":"https:\/\/blogs.correiobraziliense.com.br\/servidor\/wp-json\/wp\/v2\/categories?post=4443"},{"taxonomy":"post_tag","embeddable":true,"href":"https:\/\/blogs.correiobraziliense.com.br\/servidor\/wp-json\/wp\/v2\/tags?post=4443"}],"curies":[{"name":"wp","href":"https:\/\/api.w.org\/{rel}","templated":true}]}}