{"id":4441,"date":"2017-02-24T08:46:06","date_gmt":"2017-02-24T11:46:06","guid":{"rendered":"https:\/\/blogs.correiobraziliense.com.br\/servidor\/?p=4441"},"modified":"2017-02-23T19:46:54","modified_gmt":"2017-02-23T22:46:54","slug":"conselho-inaugural-da-viva-de-previdencia-tomara-posse","status":"publish","type":"post","link":"https:\/\/blogs.correiobraziliense.com.br\/servidor\/conselho-inaugural-da-viva-de-previdencia-tomara-posse\/","title":{"rendered":"Conselho Inaugural da VIVA de Previd\u00eancia tomar\u00e1 posse"},"content":{"rendered":"<p>A Superintend\u00eancia Nacional de Previd\u00eancia Complementar (Previc) autorizou a mudan\u00e7a do nome da Funda\u00e7\u00e3o, de Geapprevid\u00eancia para Viva de Previd\u00eancia, e habilitou os atuais diretores e conselheiros. A posse ser\u00e1 no pr\u00f3ximo dia 10 de mar\u00e7o, \u00e0s 15 horas, na sala Brom\u00e9lia, do Quality Hotel &amp; Suites, no SMAS Trecho 3, Conjunto 3, Ed. The Union Office, Bras\u00edlia-DF.<\/p>\n<p>Segundo a Geap, os conselheiros provis\u00f3rios foram escolhidos em fun\u00e7\u00e3o da compet\u00eancia e da\u00a0 luta pela defesa do direito dos associados. S\u00e3o eles Elo\u00e1 Cathi Lor (PR), Sibele Monteiro (MG), Flavio Leite (RS) e Ana Lago (RS), no Conselho Deliberativo; e tamb\u00e9m Pedro Sanches (PR) e Djalter Oliveira (RN), no Conselho Fiscal. O Conselho inaugural iniciar\u00e1 suas atribui\u00e7\u00f5es, junto a uma Diretoria tamb\u00e9m provis\u00f3ria.<\/p>\n<p>Os seis participantes habilitados assumem, provisoriamente, os Conselhos Deliberativo e Fiscal do Funda\u00e7\u00e3o, por um per\u00edodo de cento e oitenta (180) dias, tempo em que dever\u00e3o definir a nova Diretoria &#8211; por meio de sele\u00e7\u00e3o aberta &#8211; e realizar elei\u00e7\u00f5es gerais para a escolha dos novos conselheiros, que ter\u00e3o um mandato de quatro anos, segundo regras estabelecidas no pr\u00f3prio Estatuto.<\/p>\n<p>Como sucessora da Geapprevid\u00eancia, a Funda\u00e7\u00e3o VIVA vai administrar o Plano de Pec\u00falio Facultativo, que re\u00fane mais de 55 mil participantes e que agora se abre para oferecer outros planos de previd\u00eancia complementar, fazendo com que os produtos oferecidos possam melhor atender os peculistas mais antigos e tamb\u00e9m atrair quem est\u00e1 entrando agora no mercado de trabalho.<\/p>\n","protected":false},"excerpt":{"rendered":"<p>A Superintend\u00eancia Nacional de Previd\u00eancia Complementar (Previc) autorizou a mudan\u00e7a do nome da Funda\u00e7\u00e3o, de Geapprevid\u00eancia para Viva de Previd\u00eancia, e habilitou os atuais diretores e conselheiros. A posse ser\u00e1 no pr\u00f3ximo dia 10 de mar\u00e7o, \u00e0s 15 horas, na sala Brom\u00e9lia, do Quality Hotel &amp; Suites, no SMAS Trecho 3, Conjunto 3, Ed. The Union Office, Bras\u00edlia-DF. Segundo a [&hellip;]<\/p>\n","protected":false},"author":27,"featured_media":0,"comment_status":"open","ping_status":"closed","sticky":false,"template":"","format":"standard","meta":{"footnotes":""},"categories":[2719],"tags":[2029,5162,5163,108,2021,4977,5160,5026,489,1669,5165,868,4978,221,5164,3645,261,5161],"class_list":["post-4441","post","type-post","status-publish","format-standard","hentry","category-servidor","tag-conselho","tag-conselho-deliberativo","tag-conselho-fiscal","tag-diretoria","tag-eleicoes","tag-geap-previdencia","tag-inaugural","tag-mandato","tag-mercado","tag-participantes","tag-peculio","tag-posse","tag-previc","tag-produtos","tag-provisorios","tag-selecao","tag-trabalho","tag-viva-de-previdencia"],"_links":{"self":[{"href":"https:\/\/blogs.correiobraziliense.com.br\/servidor\/wp-json\/wp\/v2\/posts\/4441","targetHints":{"allow":["GET"]}}],"collection":[{"href":"https:\/\/blogs.correiobraziliense.com.br\/servidor\/wp-json\/wp\/v2\/posts"}],"about":[{"href":"https:\/\/blogs.correiobraziliense.com.br\/servidor\/wp-json\/wp\/v2\/types\/post"}],"author":[{"embeddable":true,"href":"https:\/\/blogs.correiobraziliense.com.br\/servidor\/wp-json\/wp\/v2\/users\/27"}],"replies":[{"embeddable":true,"href":"https:\/\/blogs.correiobraziliense.com.br\/servidor\/wp-json\/wp\/v2\/comments?post=4441"}],"version-history":[{"count":1,"href":"https:\/\/blogs.correiobraziliense.com.br\/servidor\/wp-json\/wp\/v2\/posts\/4441\/revisions"}],"predecessor-version":[{"id":4442,"href":"https:\/\/blogs.correiobraziliense.com.br\/servidor\/wp-json\/wp\/v2\/posts\/4441\/revisions\/4442"}],"wp:attachment":[{"href":"https:\/\/blogs.correiobraziliense.com.br\/servidor\/wp-json\/wp\/v2\/media?parent=4441"}],"wp:term":[{"taxonomy":"category","embeddable":true,"href":"https:\/\/blogs.correiobraziliense.com.br\/servidor\/wp-json\/wp\/v2\/categories?post=4441"},{"taxonomy":"post_tag","embeddable":true,"href":"https:\/\/blogs.correiobraziliense.com.br\/servidor\/wp-json\/wp\/v2\/tags?post=4441"}],"curies":[{"name":"wp","href":"https:\/\/api.w.org\/{rel}","templated":true}]}}