{"id":444,"date":"2015-09-16T18:47:00","date_gmt":"2015-09-16T21:47:00","guid":{"rendered":"https:\/\/blogs.correiobraziliense.com.br\/servidor\/fiscais_federais_agropecuarios_comecam_greve_nesta_quinta_17\/"},"modified":"2016-05-13T19:31:55","modified_gmt":"2016-05-13T22:31:55","slug":"fiscais_federais_agropecuarios_comecam_greve_nesta_quinta_17","status":"publish","type":"post","link":"https:\/\/blogs.correiobraziliense.com.br\/servidor\/fiscais_federais_agropecuarios_comecam_greve_nesta_quinta_17\/","title":{"rendered":"FISCAIS FEDERAIS AGROPECU\u00c1RIOS COME\u00c7AM GREVE NESTA QUINTA (17)"},"content":{"rendered":"<p><i>Com aus\u00eancia da emiss\u00e3o de certifica\u00e7\u00f5es internacionais em produtos de origem animal e vegetal, exporta\u00e7\u00f5es ser\u00e3o prejudicadas. <\/i><i>A paralisa\u00e7\u00e3o dever\u00e1 atingir portos, aeroportos e postos de fronteira,  al\u00e9m dos frigor\u00edficos \u2013 que ter\u00e1 o acompanhamento dos fiscais -, mas n\u00e3o a  emiss\u00e3o da certifica\u00e7\u00e3o internacional.<\/i><i><\/i><i><\/i><i><\/i> <\/p>\n<p>Ap\u00f3s as tentativas de  negocia\u00e7\u00e3o pela reposi\u00e7\u00e3o das perdas salariais decorrentes da infla\u00e7\u00e3o  dos \u00faltimos anos, por pleitos espec\u00edficos da carreira e diante das  medidas de ajuste fiscal anunciadas pelo governo  federal, os fiscais federais agropecu\u00e1rios entram em greve a partir  desta quinta-feira (17).  &nbsp; As medidas do governo  foram discutidas nessa ter\u00e7a-feira (15), pelo Comando Nacional de  Mobiliza\u00e7\u00e3o dos fiscais federais agropecu\u00e1rios.&nbsp; De acordo com o  presidente do Sindicato Nacional dos Fiscais Federais Agropecu\u00e1rios  (Anffa Sindical), Maur\u00edcio Porto, a categoria repudia veementemente a  tentativa de desmonte do servi\u00e7o p\u00fablico e a perda das condi\u00e7\u00f5es dignas  de trabalho dos profissionais.  &nbsp; \u201cHoje, 56% dos fiscais  na ativa j\u00e1 t\u00eam condi\u00e7\u00f5es de se aposentar. A n\u00e3o reposi\u00e7\u00e3o desses  profissionais, em raz\u00e3o do cancelamento dos concursos p\u00fablicos, al\u00e9m da  elimina\u00e7\u00e3o do abano de perman\u00eancia, certamente,  afetar\u00e1 todos os cidad\u00e3os\u201d, declarou o presidente. &nbsp; A realiza\u00e7\u00e3o de concurso  p\u00fablico \u00e9 uma das reivindica\u00e7\u00f5es espec\u00edficas da carreira que, al\u00e9m da  reposi\u00e7\u00e3o salarial, pleiteia a mudan\u00e7a da nomenclatura para auditor  fiscal, a regulamenta\u00e7\u00e3o do adicional de fronteiras  e a ocupa\u00e7\u00e3o dos cargos de gest\u00e3o do Minist\u00e9rio da Agricultura por  meritocracia.  &nbsp; A greve foi aprovada  pela categoria, em assembleia nacional, no dia 11 de setembro. Na  ocasi\u00e3o, os profissionais rejeitaram, por maioria, a proposta do  Minist\u00e9rio do Planejamento apresentada na quinta-feira (10),  com altera\u00e7\u00e3o da nomenclatura do cargo e reajuste de 21,3% em quatro  anos.&nbsp; No total, 91,9% dos fiscais rejeitaram a sugest\u00e3o do governo.&nbsp; A  greve recebeu posi\u00e7\u00e3o favor\u00e1vel de cerca de 68,3% dos votantes.  &nbsp; A paralisa\u00e7\u00e3o dever\u00e1  atingir portos, aeroportos e postos de fronteira, al\u00e9m dos frigor\u00edficos \u2013  que ter\u00e1 o acompanhamento dos fiscais, mas n\u00e3o a emiss\u00e3o da  certifica\u00e7\u00e3o internacional. Para o presidente Maur\u00edcio,  as exporta\u00e7\u00f5es ser\u00e3o as mais prejudicadas com a paralisa\u00e7\u00e3o. \u201cCom a  greve, as certifica\u00e7\u00f5es dos produtos de origem animal e vegetal n\u00e3o  ser\u00e3o emitidas e, com isso, eles n\u00e3o poder\u00e3o sair do Pa\u00eds\u201d, destaca.  Maur\u00edcio refor\u00e7a tamb\u00e9m que ser\u00e3o mantidos todos os  servi\u00e7os essenciais \u00e0 garantia da sa\u00fade p\u00fablica e da sanidade animal e  vegetal.   <b>&nbsp;<\/b> <b>Sobre o Anffa Sindical <\/b> O Sindicato Nacional dos  Fiscais Agropecu\u00e1rios (Anffa Sindical) \u00e9 a entidade representativa da carreira de fiscal federal agropecu\u00e1rio, servidores do  Minist\u00e9rio da Agricultura, Pecu\u00e1ria e Abastecimento  (Mapa). Entre os profissionais est\u00e3o engenheiros agr\u00f4nomos,  farmac\u00eauticos, qu\u00edmicos, m\u00e9dicos veterin\u00e1rios e zootecnistas, que  exercem suas fun\u00e7\u00f5es para garantir qualidade de vida, sa\u00fade e seguran\u00e7a  alimentar \u00e0s fam\u00edlias brasileiras. Atualmente, existem 2,7 mil fiscais na ativa, atuando nas \u00e1reas de fiscaliza\u00e7\u00e3o nos  portos, aeroportos e postos de fronteira; campos brasileiros;  laborat\u00f3rios; programas agropecu\u00e1rios; empresas agropecu\u00e1rias e  agroindustriais; rela\u00e7\u00f5es internacionais; e nas cidades, fiscalizando  os produtos vegetais, o com\u00e9rcio de fertilizantes, os corretivos e as  sementes e mudas. <i> <\/p>\n<p><\/i><i>Bras\u00edlia, 18h47min<\/i>   <\/p>\n","protected":false},"excerpt":{"rendered":"<p>Com aus\u00eancia da emiss\u00e3o de certifica\u00e7\u00f5es internacionais em produtos de origem animal e vegetal, exporta\u00e7\u00f5es ser\u00e3o prejudicadas. A paralisa\u00e7\u00e3o dever\u00e1 atingir portos, aeroportos e postos de fronteira, al\u00e9m dos frigor\u00edficos \u2013 que ter\u00e1 o acompanhamento dos fiscais -, mas n\u00e3o a emiss\u00e3o da certifica\u00e7\u00e3o internacional. Ap\u00f3s as tentativas de negocia\u00e7\u00e3o pela reposi\u00e7\u00e3o das perdas salariais decorrentes da infla\u00e7\u00e3o dos \u00faltimos [&hellip;]<\/p>\n","protected":false},"author":27,"featured_media":0,"comment_status":"open","ping_status":"closed","sticky":false,"template":"","format":"standard","meta":{"footnotes":""},"categories":[1],"tags":[],"class_list":["post-444","post","type-post","status-publish","format-standard","hentry","category-sem-categoria"],"_links":{"self":[{"href":"https:\/\/blogs.correiobraziliense.com.br\/servidor\/wp-json\/wp\/v2\/posts\/444","targetHints":{"allow":["GET"]}}],"collection":[{"href":"https:\/\/blogs.correiobraziliense.com.br\/servidor\/wp-json\/wp\/v2\/posts"}],"about":[{"href":"https:\/\/blogs.correiobraziliense.com.br\/servidor\/wp-json\/wp\/v2\/types\/post"}],"author":[{"embeddable":true,"href":"https:\/\/blogs.correiobraziliense.com.br\/servidor\/wp-json\/wp\/v2\/users\/27"}],"replies":[{"embeddable":true,"href":"https:\/\/blogs.correiobraziliense.com.br\/servidor\/wp-json\/wp\/v2\/comments?post=444"}],"version-history":[{"count":1,"href":"https:\/\/blogs.correiobraziliense.com.br\/servidor\/wp-json\/wp\/v2\/posts\/444\/revisions"}],"predecessor-version":[{"id":1668,"href":"https:\/\/blogs.correiobraziliense.com.br\/servidor\/wp-json\/wp\/v2\/posts\/444\/revisions\/1668"}],"wp:attachment":[{"href":"https:\/\/blogs.correiobraziliense.com.br\/servidor\/wp-json\/wp\/v2\/media?parent=444"}],"wp:term":[{"taxonomy":"category","embeddable":true,"href":"https:\/\/blogs.correiobraziliense.com.br\/servidor\/wp-json\/wp\/v2\/categories?post=444"},{"taxonomy":"post_tag","embeddable":true,"href":"https:\/\/blogs.correiobraziliense.com.br\/servidor\/wp-json\/wp\/v2\/tags?post=444"}],"curies":[{"name":"wp","href":"https:\/\/api.w.org\/{rel}","templated":true}]}}