{"id":4432,"date":"2017-02-23T19:10:22","date_gmt":"2017-02-23T22:10:22","guid":{"rendered":"https:\/\/blogs.correiobraziliense.com.br\/servidor\/?p=4432"},"modified":"2017-02-23T19:10:22","modified_gmt":"2017-02-23T22:10:22","slug":"visita-guiada-ao-congresso-nacional-funcionara-no-carnaval","status":"publish","type":"post","link":"https:\/\/blogs.correiobraziliense.com.br\/servidor\/visita-guiada-ao-congresso-nacional-funcionara-no-carnaval\/","title":{"rendered":"Visita guiada ao Congresso Nacional funcionar\u00e1 no Carnaval"},"content":{"rendered":"<p>O programa de visita\u00e7\u00e3o ao Pal\u00e1cio do Congresso Nacional funcionar\u00e1 normalmente durante os dias de Carnaval, com abertura \u00e0s 8h30 e in\u00edcio das visitas \u00e0s 9 horas. Apenas na quarta-feira de Cinzas (29) haver\u00e1 hor\u00e1rio especial, com abertura \u00e0s 13 horas e in\u00edcio das visitas \u00e0s 13h30. Por ser dia \u00fatil na C\u00e2mara dos Deputados, nesse dia voltam a valer as regras de vestu\u00e1rio: n\u00e3o ser\u00e1 permitida a entrada trajando shorts, bermudas, camisetas regatas e chinelos. O \u00faltimo tour ocorre sempre \u00e0s 17h30.<u><\/u><u><\/u><\/p>\n<p>Organizada pelas equipes de Rela\u00e7\u00f5es P\u00fablicas da C\u00e2mara dos Deputados e do Senado Federal, a visita guiada tem dura\u00e7\u00e3o aproximada de 50 minutos. A cada meia hora sai um novo grupo.<u><\/u><u><\/u><\/p>\n<p>Os visitantes podem conhecer os principais sal\u00f5es do Pal\u00e1cio e as obras de arte, e saber um pouco mais sobre a hist\u00f3ria e o papel do Legislativo. O ponto de partida \u00e9 o Sal\u00e3o Negro (acesso pela Chapelaria, de segunda a sexta-feira, e pela rampa principal do Pal\u00e1cio do Congresso Nacional, nos fins de semana e feriados).<u><\/u><u><\/u><\/p>\n<p>Mais informa\u00e7\u00f5es na<span class=\"m_3940556668621292985apple-converted-space\">\u00a0<\/span><a title=\"\" href=\"http:\/\/www2.congressonacional.leg.br\/visite\" target=\"_blank\">p\u00e1gina<\/a><span class=\"m_3940556668621292985apple-converted-space\">\u00a0<\/span>do programa na internet.<\/p>\n","protected":false},"excerpt":{"rendered":"<p>O programa de visita\u00e7\u00e3o ao Pal\u00e1cio do Congresso Nacional funcionar\u00e1 normalmente durante os dias de Carnaval, com abertura \u00e0s 8h30 e in\u00edcio das visitas \u00e0s 9 horas. Apenas na quarta-feira de Cinzas (29) haver\u00e1 hor\u00e1rio especial, com abertura \u00e0s 13 horas e in\u00edcio das visitas \u00e0s 13h30. Por ser dia \u00fatil na C\u00e2mara dos Deputados, nesse dia voltam a valer [&hellip;]<\/p>\n","protected":false},"author":27,"featured_media":0,"comment_status":"open","ping_status":"closed","sticky":false,"template":"","format":"standard","meta":{"footnotes":""},"categories":[2719],"tags":[662,5148,693,5147,4183],"class_list":["post-4432","post","type-post","status-publish","format-standard","hentry","category-servidor","tag-carnaval","tag-chapelaria","tag-congresso-nacional","tag-guiada","tag-visita"],"_links":{"self":[{"href":"https:\/\/blogs.correiobraziliense.com.br\/servidor\/wp-json\/wp\/v2\/posts\/4432","targetHints":{"allow":["GET"]}}],"collection":[{"href":"https:\/\/blogs.correiobraziliense.com.br\/servidor\/wp-json\/wp\/v2\/posts"}],"about":[{"href":"https:\/\/blogs.correiobraziliense.com.br\/servidor\/wp-json\/wp\/v2\/types\/post"}],"author":[{"embeddable":true,"href":"https:\/\/blogs.correiobraziliense.com.br\/servidor\/wp-json\/wp\/v2\/users\/27"}],"replies":[{"embeddable":true,"href":"https:\/\/blogs.correiobraziliense.com.br\/servidor\/wp-json\/wp\/v2\/comments?post=4432"}],"version-history":[{"count":1,"href":"https:\/\/blogs.correiobraziliense.com.br\/servidor\/wp-json\/wp\/v2\/posts\/4432\/revisions"}],"predecessor-version":[{"id":4433,"href":"https:\/\/blogs.correiobraziliense.com.br\/servidor\/wp-json\/wp\/v2\/posts\/4432\/revisions\/4433"}],"wp:attachment":[{"href":"https:\/\/blogs.correiobraziliense.com.br\/servidor\/wp-json\/wp\/v2\/media?parent=4432"}],"wp:term":[{"taxonomy":"category","embeddable":true,"href":"https:\/\/blogs.correiobraziliense.com.br\/servidor\/wp-json\/wp\/v2\/categories?post=4432"},{"taxonomy":"post_tag","embeddable":true,"href":"https:\/\/blogs.correiobraziliense.com.br\/servidor\/wp-json\/wp\/v2\/tags?post=4432"}],"curies":[{"name":"wp","href":"https:\/\/api.w.org\/{rel}","templated":true}]}}