{"id":443,"date":"2015-09-16T16:24:00","date_gmt":"2015-09-16T19:24:00","guid":{"rendered":"https:\/\/blogs.correiobraziliense.com.br\/servidor\/administrativos_da_pf_aprovam_paralisacao_com_manifestacao_em_brasilia\/"},"modified":"2016-05-13T19:31:56","modified_gmt":"2016-05-13T22:31:56","slug":"administrativos_da_pf_aprovam_paralisacao_com_manifestacao_em_brasilia","status":"publish","type":"post","link":"https:\/\/blogs.correiobraziliense.com.br\/servidor\/administrativos_da_pf_aprovam_paralisacao_com_manifestacao_em_brasilia\/","title":{"rendered":"ADMINISTRATIVOS DA PF APROVAM PARALISA\u00c7\u00c3O COM MANIFESTA\u00c7\u00c3O EM BRAS\u00cdLIA"},"content":{"rendered":"<p> Reunidos em assembleia geral extraordin\u00e1ria, os servidores  administrativos da Pol\u00edcia Federal decidiram paralisar atividades em Bras\u00edlia  por 24 horas no pr\u00f3ximo dia 30. O objetivo \u00e9 deixar clara a insatisfa\u00e7\u00e3o  da classe com a falta de propostas do governo para solucionar demandas  hist\u00f3ricas da categoria. A paralisa\u00e7\u00e3o nos demais estados est\u00e1 sendo decidida em  assembleias locais.  <\/p>\n<p>A subida de tom \u00e9 uma resposta ao sil\u00eancio do governo acerca do pleito de  moderniza\u00e7\u00e3o das atribui\u00e7\u00f5es da categoria. \u201cH\u00e1 anos debatemos o assunto no  Minist\u00e9rio do Planejamento. Houve uma sinaliza\u00e7\u00e3o positiva, mas nenhuma proposta  foi formalizada\u201d, conta a presidente do SinpecPF, Leilane Ribeiro. <\/p>\n<p> O sindicato&nbsp;esclarece que a moderniza\u00e7\u00e3o das atribui\u00e7\u00f5es n\u00e3o prev\u00ea impacto  financeiro. O desejo da categoria \u00e9 que a participa\u00e7\u00e3o dos servidores em  atividades final\u00edsticas seja regulamentada em lei, deixando claro que a carreira  \u00e9 fundamental para a Pol\u00edcia Federal. \u201cJ\u00e1 atuamos h\u00e1 anos em atividades como  controle migrat\u00f3rio e fiscaliza\u00e7\u00e3o de empresas de seguran\u00e7a privada. S\u00e3o  atividades-fim que fazemos na pr\u00e1tica e queremos ver registradas no  papel\u201d,&nbsp;ressalta Leilane. <\/p>\n<p> Al\u00e9m disso, o sindicato informa n\u00e3o ter recebido proposta formal com rela\u00e7\u00e3o  a reajuste salarial para 2016. \u201cAp\u00f3s o funcionalismo dizer que n\u00e3o aceitava os  21,3% em quatro anos, o governo n\u00e3o voltou a nos chamar para apresentar outra  proposta\u201d, revela a sindicalista. <\/p>\n<p> A categoria adianta que n\u00e3o aceitar\u00e1 receber tratamento discriminat\u00f3rio em  rela\u00e7\u00e3o aos policiais federais. \u201cTamb\u00e9m corremos riscos e somos a parte da  Pol\u00edcia Federal que arrecada com cobran\u00e7a de taxas e licen\u00e7as. O \u00f3rg\u00e3o n\u00e3o  funciona sem n\u00f3s. N\u00e3o \u00e9 justo que ofere\u00e7am algo diferenciado aos policiais e nos  deixem de fora, como se cogita\u201d, protesta Leilane.  <\/p>\n<p>Para marcar a paralisa\u00e7\u00e3o, o sindicato promete ainda uma grande manifesta\u00e7\u00e3o  em Bras\u00edlia. O movimento comprometer\u00e1 todo suporte \u00e0 atividade policial e tamb\u00e9m  setores como emiss\u00e3o de passaporte e de registro de entrada de produtos qu\u00edmicos  no pa\u00eds. Caso a negocia\u00e7\u00e3o siga sem avan\u00e7os, o sindicato n\u00e3o descarta novas paralisa\u00e7\u00f5es ou at\u00e9 mesmo uma greve por tempo indeterminado. <\/p>\n<p> Em documento encaminhado ao Minist\u00e9rio do Planejamento, denuncia o SinpecPF, a Dire\u00e7\u00e3o-Geral da Pol\u00edcia Federal  pede a regulamenta\u00e7\u00e3o das atribui\u00e7\u00f5es. Mas, \u00e9 importante destacar que deixa claro que \u00e9 desnecess\u00e1rio alocar policiais nas \u00e1reas de  fiscaliza\u00e7\u00e3o e de controle, algo que seria oneroso aos cofres p\u00fablicos.<i> <\/p>\n<p><\/i><i>Bras\u00edlia, 16h24min<\/i> <\/p>\n","protected":false},"excerpt":{"rendered":"<p>Reunidos em assembleia geral extraordin\u00e1ria, os servidores administrativos da Pol\u00edcia Federal decidiram paralisar atividades em Bras\u00edlia por 24 horas no pr\u00f3ximo dia 30. O objetivo \u00e9 deixar clara a insatisfa\u00e7\u00e3o da classe com a falta de propostas do governo para solucionar demandas hist\u00f3ricas da categoria. A paralisa\u00e7\u00e3o nos demais estados est\u00e1 sendo decidida em assembleias locais. A subida de tom [&hellip;]<\/p>\n","protected":false},"author":27,"featured_media":0,"comment_status":"open","ping_status":"closed","sticky":false,"template":"","format":"standard","meta":{"footnotes":""},"categories":[1],"tags":[],"class_list":["post-443","post","type-post","status-publish","format-standard","hentry","category-sem-categoria"],"_links":{"self":[{"href":"https:\/\/blogs.correiobraziliense.com.br\/servidor\/wp-json\/wp\/v2\/posts\/443","targetHints":{"allow":["GET"]}}],"collection":[{"href":"https:\/\/blogs.correiobraziliense.com.br\/servidor\/wp-json\/wp\/v2\/posts"}],"about":[{"href":"https:\/\/blogs.correiobraziliense.com.br\/servidor\/wp-json\/wp\/v2\/types\/post"}],"author":[{"embeddable":true,"href":"https:\/\/blogs.correiobraziliense.com.br\/servidor\/wp-json\/wp\/v2\/users\/27"}],"replies":[{"embeddable":true,"href":"https:\/\/blogs.correiobraziliense.com.br\/servidor\/wp-json\/wp\/v2\/comments?post=443"}],"version-history":[{"count":1,"href":"https:\/\/blogs.correiobraziliense.com.br\/servidor\/wp-json\/wp\/v2\/posts\/443\/revisions"}],"predecessor-version":[{"id":1669,"href":"https:\/\/blogs.correiobraziliense.com.br\/servidor\/wp-json\/wp\/v2\/posts\/443\/revisions\/1669"}],"wp:attachment":[{"href":"https:\/\/blogs.correiobraziliense.com.br\/servidor\/wp-json\/wp\/v2\/media?parent=443"}],"wp:term":[{"taxonomy":"category","embeddable":true,"href":"https:\/\/blogs.correiobraziliense.com.br\/servidor\/wp-json\/wp\/v2\/categories?post=443"},{"taxonomy":"post_tag","embeddable":true,"href":"https:\/\/blogs.correiobraziliense.com.br\/servidor\/wp-json\/wp\/v2\/tags?post=443"}],"curies":[{"name":"wp","href":"https:\/\/api.w.org\/{rel}","templated":true}]}}