{"id":4418,"date":"2017-02-22T19:30:05","date_gmt":"2017-02-22T22:30:05","guid":{"rendered":"https:\/\/blogs.correiobraziliense.com.br\/servidor\/?p=4418"},"modified":"2017-02-22T19:30:05","modified_gmt":"2017-02-22T22:30:05","slug":"idec-e-entidades-pedem-agu-que-negociacoes-sobre-planos-economicos-sejam-mediadas-pelo-stf","status":"publish","type":"post","link":"https:\/\/blogs.correiobraziliense.com.br\/servidor\/idec-e-entidades-pedem-agu-que-negociacoes-sobre-planos-economicos-sejam-mediadas-pelo-stf\/","title":{"rendered":"Idec e entidades pedem a AGU que negocia\u00e7\u00f5es sobre  planos econ\u00f4micos sejam mediadas pelo STF"},"content":{"rendered":"<div>Na \u00faltima ter\u00e7a-feira (21), o Instituto Brasileiro de Defesa do Consumidor (Idec) levou <a title=\"blocked::http:\/\/www.idec.org.br\/pdf\/peticao-planos-economicos.pdf\" href=\"http:\/\/www.idec.org.br\/pdf\/peticao-planos-economicos.pdf\" target=\"_blank\">peti\u00e7\u00e3o<\/a> \u00e0 ministra-chefe da Advocacia-Geral da Uni\u00e3o (AGU), Grace Maria Fernandes Mendon\u00e7a, solicitando que a A\u00e7\u00e3o de Descumprimento de Preceito Fundamental &#8211; ADPF 165 e os demais recursos a ela vinculados (STF, STJ, TRFs e TJs) &#8211; seja suspensa para a instaura\u00e7\u00e3o de media\u00e7\u00e3o a ser feita pelo ministro e relator do processo, Ricardo Lewandowski.<\/div>\n<div><\/div>\n<div>A ADPF se refere \u00e0 constitucionalidade dos Planos Econ\u00f4micos. A aus\u00eancia de seu julgamento tem paralisado milhares de processos sobre o assunto. Em documento conjunto, o Idec, o Conselho Federal da Ordem dos Advogados do Brasil, a Associa\u00e7\u00e3o de Prote\u00e7\u00e3o dos Direitos dos Cidad\u00e3os, a Frente Brasileira dos Poupadores e a Associa\u00e7\u00e3o Civil SOS Consumidores pedem que a AGU leve ao Supremo Tribunal Federal (STF) as tratativas de acordo com a efetiva participa\u00e7\u00e3o dos consumidores e do pr\u00f3prio STF como mediador.<\/div>\n<div><\/div>\n<div>Em dezembro do ano passado, foi <a title=\"blocked::http:\/\/politica.estadao.com.br\/blogs\/coluna-do-estadao\/governo-tenta-acordo-sobre-planos-economicos\/\" href=\"http:\/\/politica.estadao.com.br\/blogs\/coluna-do-estadao\/governo-tenta-acordo-sobre-planos-economicos\/\" target=\"_blank\">noticiado uma tratativa em torno das das perdas com os Planos Bresser e Collor<\/a>. Por esse motivo, o Idec e as entidades mencionadas solicitaram em peti\u00e7\u00e3o uma solu\u00e7\u00e3o para as a\u00e7\u00f5es e o envolvimento dos \u00f3rg\u00e3os que defendem os interesses dos consumidores.<\/div>\n<div><\/div>\n<div>Na peti\u00e7\u00e3o, ainda refor\u00e7am que \u00e9 preocupante o registro de casos individuais e coletivos que, apesar da jurisprud\u00eancia consolidada sobre o dever indenizat\u00f3rio dos bancos, seguem sem solu\u00e7\u00e3o definitiva na Justi\u00e7a. Segundo o advogado que representa o Idec em Bras\u00edlia, Walter Faaid de Moura, \u00e9 importante haver equil\u00edbrio nas negocia\u00e7\u00f5es.<\/div>\n<div><\/div>\n<div>O advogado acrescenta que \u201cn\u00e3o existe acordo sem conversar com ambas as partes&#8221;. &#8220;No caso dos poupadores, ainda \u00e9 mais grave ficar sem ouvi-los porque s\u00e3o mais fr\u00e1geis em rela\u00e7\u00e3o aos bancos. Por isso, o Idec espera que a AGU conduza as negocia\u00e7\u00f5es com a participa\u00e7\u00e3o dos consumidores sob a vigil\u00e2ncia do STF\u201d.<\/div>\n","protected":false},"excerpt":{"rendered":"<p>Na \u00faltima ter\u00e7a-feira (21), o Instituto Brasileiro de Defesa do Consumidor (Idec) levou peti\u00e7\u00e3o \u00e0 ministra-chefe da Advocacia-Geral da Uni\u00e3o (AGU), Grace Maria Fernandes Mendon\u00e7a, solicitando que a A\u00e7\u00e3o de Descumprimento de Preceito Fundamental &#8211; ADPF 165 e os demais recursos a ela vinculados (STF, STJ, TRFs e TJs) &#8211; seja suspensa para a instaura\u00e7\u00e3o de media\u00e7\u00e3o a ser feita [&hellip;]<\/p>\n","protected":false},"author":27,"featured_media":0,"comment_status":"open","ping_status":"closed","sticky":false,"template":"","format":"standard","meta":{"footnotes":""},"categories":[2719],"tags":[348,157,5121,5122,874,73,1009,5120,894,1933,5119,562,1429,34],"class_list":["post-4418","post","type-post","status-publish","format-standard","hentry","category-servidor","tag-adpf","tag-agu","tag-bresser","tag-collor","tag-consumidores","tag-entidades","tag-idec","tag-mediadas","tag-negociacoes","tag-paralisado","tag-planos-economicos","tag-processos","tag-solucao","tag-stf"],"_links":{"self":[{"href":"https:\/\/blogs.correiobraziliense.com.br\/servidor\/wp-json\/wp\/v2\/posts\/4418","targetHints":{"allow":["GET"]}}],"collection":[{"href":"https:\/\/blogs.correiobraziliense.com.br\/servidor\/wp-json\/wp\/v2\/posts"}],"about":[{"href":"https:\/\/blogs.correiobraziliense.com.br\/servidor\/wp-json\/wp\/v2\/types\/post"}],"author":[{"embeddable":true,"href":"https:\/\/blogs.correiobraziliense.com.br\/servidor\/wp-json\/wp\/v2\/users\/27"}],"replies":[{"embeddable":true,"href":"https:\/\/blogs.correiobraziliense.com.br\/servidor\/wp-json\/wp\/v2\/comments?post=4418"}],"version-history":[{"count":1,"href":"https:\/\/blogs.correiobraziliense.com.br\/servidor\/wp-json\/wp\/v2\/posts\/4418\/revisions"}],"predecessor-version":[{"id":4419,"href":"https:\/\/blogs.correiobraziliense.com.br\/servidor\/wp-json\/wp\/v2\/posts\/4418\/revisions\/4419"}],"wp:attachment":[{"href":"https:\/\/blogs.correiobraziliense.com.br\/servidor\/wp-json\/wp\/v2\/media?parent=4418"}],"wp:term":[{"taxonomy":"category","embeddable":true,"href":"https:\/\/blogs.correiobraziliense.com.br\/servidor\/wp-json\/wp\/v2\/categories?post=4418"},{"taxonomy":"post_tag","embeddable":true,"href":"https:\/\/blogs.correiobraziliense.com.br\/servidor\/wp-json\/wp\/v2\/tags?post=4418"}],"curies":[{"name":"wp","href":"https:\/\/api.w.org\/{rel}","templated":true}]}}