{"id":4416,"date":"2017-02-22T19:14:09","date_gmt":"2017-02-22T22:14:09","guid":{"rendered":"https:\/\/blogs.correiobraziliense.com.br\/servidor\/?p=4416"},"modified":"2017-02-22T19:14:09","modified_gmt":"2017-02-22T22:14:09","slug":"resposta-do-instituto-rio-branco-sobre-modernizacao-na-grade-curricular","status":"publish","type":"post","link":"https:\/\/blogs.correiobraziliense.com.br\/servidor\/resposta-do-instituto-rio-branco-sobre-modernizacao-na-grade-curricular\/","title":{"rendered":"Resposta do Instituto Rio Branco sobre a moderniza\u00e7\u00e3o na grade curricular"},"content":{"rendered":"<p>Aos cr\u00edticos que acusam o Instituto de ter \u201cdado uma guinada \u00e0 direita\u201d, o diretor-geral, embaixador Jos\u00e9 Estanislau do Amaral respondeu que \u201cnunca funcionou na base da ideologia\u201d. \u201cNossa luta \u00e9 pela democracia. Tenho uma pol\u00edtica de portas abertas\u201d, assinalou. At\u00e9 porque, segundo ele, a antiga disciplina Direitos Humanos n\u00e3o tinha como foco a an\u00e1lise da situa\u00e7\u00e3o dom\u00e9stica. \u201cN\u00e3o era sobre a realidade brasileira. Era uma vis\u00e3o brasileira do debate internacional\u201d, explicou. Al\u00e9m disso, as trocas foram feitas ap\u00f3s amplas discuss\u00e3o e reuni\u00f5es com alunos e acad\u00eamicos. Ele se recusou a interpretar o motivo de tantas queixas contra a renova\u00e7\u00e3o da grade hor\u00e1ria. Mas deixou passar que os assuntos que poderiam causar pol\u00eamica \u201cforam pin\u00e7ados\u201d entre tantos substitu\u00eddos.<\/p>\n","protected":false},"excerpt":{"rendered":"<p>Aos cr\u00edticos que acusam o Instituto de ter \u201cdado uma guinada \u00e0 direita\u201d, o diretor-geral, embaixador Jos\u00e9 Estanislau do Amaral respondeu que \u201cnunca funcionou na base da ideologia\u201d. \u201cNossa luta \u00e9 pela democracia. Tenho uma pol\u00edtica de portas abertas\u201d, assinalou. At\u00e9 porque, segundo ele, a antiga disciplina Direitos Humanos n\u00e3o tinha como foco a an\u00e1lise da situa\u00e7\u00e3o dom\u00e9stica. \u201cN\u00e3o era [&hellip;]<\/p>\n","protected":false},"author":27,"featured_media":0,"comment_status":"open","ping_status":"closed","sticky":false,"template":"","format":"standard","meta":{"footnotes":""},"categories":[2719],"tags":[],"class_list":["post-4416","post","type-post","status-publish","format-standard","hentry","category-servidor"],"_links":{"self":[{"href":"https:\/\/blogs.correiobraziliense.com.br\/servidor\/wp-json\/wp\/v2\/posts\/4416","targetHints":{"allow":["GET"]}}],"collection":[{"href":"https:\/\/blogs.correiobraziliense.com.br\/servidor\/wp-json\/wp\/v2\/posts"}],"about":[{"href":"https:\/\/blogs.correiobraziliense.com.br\/servidor\/wp-json\/wp\/v2\/types\/post"}],"author":[{"embeddable":true,"href":"https:\/\/blogs.correiobraziliense.com.br\/servidor\/wp-json\/wp\/v2\/users\/27"}],"replies":[{"embeddable":true,"href":"https:\/\/blogs.correiobraziliense.com.br\/servidor\/wp-json\/wp\/v2\/comments?post=4416"}],"version-history":[{"count":1,"href":"https:\/\/blogs.correiobraziliense.com.br\/servidor\/wp-json\/wp\/v2\/posts\/4416\/revisions"}],"predecessor-version":[{"id":4417,"href":"https:\/\/blogs.correiobraziliense.com.br\/servidor\/wp-json\/wp\/v2\/posts\/4416\/revisions\/4417"}],"wp:attachment":[{"href":"https:\/\/blogs.correiobraziliense.com.br\/servidor\/wp-json\/wp\/v2\/media?parent=4416"}],"wp:term":[{"taxonomy":"category","embeddable":true,"href":"https:\/\/blogs.correiobraziliense.com.br\/servidor\/wp-json\/wp\/v2\/categories?post=4416"},{"taxonomy":"post_tag","embeddable":true,"href":"https:\/\/blogs.correiobraziliense.com.br\/servidor\/wp-json\/wp\/v2\/tags?post=4416"}],"curies":[{"name":"wp","href":"https:\/\/api.w.org\/{rel}","templated":true}]}}