{"id":4406,"date":"2017-02-22T17:31:15","date_gmt":"2017-02-22T20:31:15","guid":{"rendered":"https:\/\/blogs.correiobraziliense.com.br\/servidor\/?p=4406"},"modified":"2017-02-22T17:31:15","modified_gmt":"2017-02-22T20:31:15","slug":"nota-da-presidencia-da-republica-sobre-aprovacao-de-alexandre-de-moraes","status":"publish","type":"post","link":"https:\/\/blogs.correiobraziliense.com.br\/servidor\/nota-da-presidencia-da-republica-sobre-aprovacao-de-alexandre-de-moraes\/","title":{"rendered":"Nota da Presid\u00eancia da Rep\u00fablica sobre aprova\u00e7\u00e3o de Alexandre de Moraes"},"content":{"rendered":"<p>Veja a nota:<\/p>\n<p>&#8220;O presidente da Rep\u00fablica recebeu com satisfa\u00e7\u00e3o a aprova\u00e7\u00e3o h\u00e1 pouco, pelo plen\u00e1rio do Senado Federal, da designa\u00e7\u00e3o do ex-ministro da Justi\u00e7a Alexandre de Moraes ao Supremo Tribunal Federal (STF).<\/p>\n<p>A expressiva maioria alcan\u00e7ada traduz o reconhecimento das not\u00e1veis credenciais t\u00e9cnicas e profissionais do doutor Alexandre de Moraes, reconhecimento este que os membros da Comiss\u00e3o de Constitui\u00e7\u00e3o e Justi\u00e7a (CCJ) j\u00e1 haviam demonstrado na sabatina realizada ao longo do dia de ontem.<\/p>\n<p>Ao desejar-lhe \u00eaxito nessa nova e importante miss\u00e3o em sua vida p\u00fablica, o presidente Michel Temer reitera sua convic\u00e7\u00e3o de que o doutor Alexandre de Moraes prestar\u00e1 contribui\u00e7\u00e3o relevante \u00e0 realiza\u00e7\u00e3o da justi\u00e7a no Brasil durante seu mandato no STF, pautado sempre pela mesma independ\u00eancia, imparcialidade e apego resoluto \u00e0s disposi\u00e7\u00f5es de nossa Constitui\u00e7\u00e3o Federal que caracterizam sua trajet\u00f3ria pessoal.<\/p>\n<p>Em outro tema, o presidente da Rep\u00fablica observa que a divulga\u00e7\u00e3o, na manh\u00e3 de hoje, do \u00cdndice Nacional de Pre\u00e7os ao Consumidor Amplo, o chamado IPCA 15, para o m\u00eas de fevereiro confirma a tend\u00eancia de queda da infla\u00e7\u00e3o, que converge consistentemente para o centro da meta determinada para o ano de 2017, ou seja, 4.5% ao ano.<br \/>\nA taxa de 0.54 por cento \u00e9 a mais baixa em cinco anos e traz o IPCA acumulado em 12 meses para 5.02%.&#8221;<\/p>\n","protected":false},"excerpt":{"rendered":"<p>Veja a nota: &#8220;O presidente da Rep\u00fablica recebeu com satisfa\u00e7\u00e3o a aprova\u00e7\u00e3o h\u00e1 pouco, pelo plen\u00e1rio do Senado Federal, da designa\u00e7\u00e3o do ex-ministro da Justi\u00e7a Alexandre de Moraes ao Supremo Tribunal Federal (STF). A expressiva maioria alcan\u00e7ada traduz o reconhecimento das not\u00e1veis credenciais t\u00e9cnicas e profissionais do doutor Alexandre de Moraes, reconhecimento este que os membros da Comiss\u00e3o de Constitui\u00e7\u00e3o [&hellip;]<\/p>\n","protected":false},"author":27,"featured_media":0,"comment_status":"open","ping_status":"closed","sticky":false,"template":"","format":"standard","meta":{"footnotes":""},"categories":[2719],"tags":[4960,1497,2187,5112,5111,3694,263,240,636,1889,2776,765,1377,3923,3319,34,1969],"class_list":["post-4406","post","type-post","status-publish","format-standard","hentry","category-servidor","tag-alexandre-de-moraes","tag-aprovacao","tag-ccj","tag-centro","tag-credenciais","tag-imparcialidade","tag-independencia","tag-inflacao","tag-ipca","tag-meta","tag-plenario","tag-presidencia-da-republica","tag-queda","tag-reconhecimento","tag-senado-federal","tag-stf","tag-tecnicas"],"_links":{"self":[{"href":"https:\/\/blogs.correiobraziliense.com.br\/servidor\/wp-json\/wp\/v2\/posts\/4406","targetHints":{"allow":["GET"]}}],"collection":[{"href":"https:\/\/blogs.correiobraziliense.com.br\/servidor\/wp-json\/wp\/v2\/posts"}],"about":[{"href":"https:\/\/blogs.correiobraziliense.com.br\/servidor\/wp-json\/wp\/v2\/types\/post"}],"author":[{"embeddable":true,"href":"https:\/\/blogs.correiobraziliense.com.br\/servidor\/wp-json\/wp\/v2\/users\/27"}],"replies":[{"embeddable":true,"href":"https:\/\/blogs.correiobraziliense.com.br\/servidor\/wp-json\/wp\/v2\/comments?post=4406"}],"version-history":[{"count":1,"href":"https:\/\/blogs.correiobraziliense.com.br\/servidor\/wp-json\/wp\/v2\/posts\/4406\/revisions"}],"predecessor-version":[{"id":4407,"href":"https:\/\/blogs.correiobraziliense.com.br\/servidor\/wp-json\/wp\/v2\/posts\/4406\/revisions\/4407"}],"wp:attachment":[{"href":"https:\/\/blogs.correiobraziliense.com.br\/servidor\/wp-json\/wp\/v2\/media?parent=4406"}],"wp:term":[{"taxonomy":"category","embeddable":true,"href":"https:\/\/blogs.correiobraziliense.com.br\/servidor\/wp-json\/wp\/v2\/categories?post=4406"},{"taxonomy":"post_tag","embeddable":true,"href":"https:\/\/blogs.correiobraziliense.com.br\/servidor\/wp-json\/wp\/v2\/tags?post=4406"}],"curies":[{"name":"wp","href":"https:\/\/api.w.org\/{rel}","templated":true}]}}