{"id":44,"date":"2015-02-03T17:40:00","date_gmt":"2015-02-03T19:40:00","guid":{"rendered":"https:\/\/blogs.correiobraziliense.com.br\/servidor\/reforco_da_advocacia_publica_no_congresso_nacional\/"},"modified":"2015-02-03T17:40:00","modified_gmt":"2015-02-03T19:40:00","slug":"reforco_da_advocacia_publica_no_congresso_nacional","status":"publish","type":"post","link":"https:\/\/blogs.correiobraziliense.com.br\/servidor\/reforco_da_advocacia_publica_no_congresso_nacional\/","title":{"rendered":"REFOR\u00c7O DA ADVOCACIA P\u00daBLICA NO CONGRESSO NACIONAL"},"content":{"rendered":"<p>O Sindicato Nacional do Procuradores da Fazenda (Sinprofaz), em nota, informou que a Advocacia P\u00fablica Federal comemora a posse do deputado federal Tadeu Alencar (PSB\/PE). Ex-chefe da Casa Civil do governo Eduardo Campos, em Pernambuco, Tadeu Alencar \u00e9 procurador da Fazenda Nacional e promete dar voz \u00e0s pautas que defendem os interesses dos servidores p\u00fablico no Congresso Nacional. <\/p>\n<p>Para o presidente do Sinprofaz, Her\u00e1clio Camargo, o hist\u00f3rico do procurador j\u00e1 sinaliza o compromisso com o trabalho a ser realizado na administra\u00e7\u00e3o p\u00fablica. \u201cA chegada do Tadeu Alencar ao Parlamento significa uma qualifica\u00e7\u00e3o ao debate das quest\u00f5es de Estado\u201d, refor\u00e7a.&nbsp; Dentre as pautas da advocacia p\u00fablica que tramitam no Congresso est\u00e3o a PEC 82\/2007, que trata da autonomia da advocacia p\u00fablica.  <\/p>\n<p>Bras\u00edlia, 17h40min   <\/p>\n","protected":false},"excerpt":{"rendered":"<p>O Sindicato Nacional do Procuradores da Fazenda (Sinprofaz), em nota, informou que a Advocacia P\u00fablica Federal comemora a posse do deputado federal Tadeu Alencar (PSB\/PE). Ex-chefe da Casa Civil do governo Eduardo Campos, em Pernambuco, Tadeu Alencar \u00e9 procurador da Fazenda Nacional e promete dar voz \u00e0s pautas que defendem os interesses dos servidores p\u00fablico no Congresso Nacional. Para o [&hellip;]<\/p>\n","protected":false},"author":27,"featured_media":0,"comment_status":"open","ping_status":"open","sticky":false,"template":"","format":"standard","meta":{"footnotes":""},"categories":[1],"tags":[],"class_list":["post-44","post","type-post","status-publish","format-standard","hentry","category-sem-categoria"],"_links":{"self":[{"href":"https:\/\/blogs.correiobraziliense.com.br\/servidor\/wp-json\/wp\/v2\/posts\/44","targetHints":{"allow":["GET"]}}],"collection":[{"href":"https:\/\/blogs.correiobraziliense.com.br\/servidor\/wp-json\/wp\/v2\/posts"}],"about":[{"href":"https:\/\/blogs.correiobraziliense.com.br\/servidor\/wp-json\/wp\/v2\/types\/post"}],"author":[{"embeddable":true,"href":"https:\/\/blogs.correiobraziliense.com.br\/servidor\/wp-json\/wp\/v2\/users\/27"}],"replies":[{"embeddable":true,"href":"https:\/\/blogs.correiobraziliense.com.br\/servidor\/wp-json\/wp\/v2\/comments?post=44"}],"version-history":[{"count":0,"href":"https:\/\/blogs.correiobraziliense.com.br\/servidor\/wp-json\/wp\/v2\/posts\/44\/revisions"}],"wp:attachment":[{"href":"https:\/\/blogs.correiobraziliense.com.br\/servidor\/wp-json\/wp\/v2\/media?parent=44"}],"wp:term":[{"taxonomy":"category","embeddable":true,"href":"https:\/\/blogs.correiobraziliense.com.br\/servidor\/wp-json\/wp\/v2\/categories?post=44"},{"taxonomy":"post_tag","embeddable":true,"href":"https:\/\/blogs.correiobraziliense.com.br\/servidor\/wp-json\/wp\/v2\/tags?post=44"}],"curies":[{"name":"wp","href":"https:\/\/api.w.org\/{rel}","templated":true}]}}