{"id":4396,"date":"2017-02-21T18:23:01","date_gmt":"2017-02-21T21:23:01","guid":{"rendered":"https:\/\/blogs.correiobraziliense.com.br\/servidor\/?p=4396"},"modified":"2017-02-21T18:23:01","modified_gmt":"2017-02-21T21:23:01","slug":"recursos-do-fundeb-estarao-disponiveis-nesta-quarta-feira","status":"publish","type":"post","link":"https:\/\/blogs.correiobraziliense.com.br\/servidor\/recursos-do-fundeb-estarao-disponiveis-nesta-quarta-feira\/","title":{"rendered":"Recursos do Fundeb estar\u00e3o dispon\u00edveis nesta quarta-feira"},"content":{"rendered":"<p>A parcela da complementa\u00e7\u00e3o da Uni\u00e3o ao Fundo de Manuten\u00e7\u00e3o e Desenvolvimento da Educa\u00e7\u00e3o B\u00e1sica e de Valoriza\u00e7\u00e3o dos Profissionais da Educa\u00e7\u00e3o (Fundeb) relativa a fevereiro estar\u00e1 dispon\u00edvel a partir desta quarta-feira, 22, nas contas correntes de estados e munic\u00edpios benefici\u00e1rios, informou o Minist\u00e9rio da Educa\u00e7\u00e3o (MEC). Do total de R$ 918,97 milh\u00f5es repassado pelo Fundo Nacional de Desenvolvimento da Educa\u00e7\u00e3o (FNDE), autarquia vinculada ao Minist\u00e9rio da Educa\u00e7\u00e3o, R$ 91,89 milh\u00f5es referem-se \u00e0 complementa\u00e7\u00e3o para o pagamento do piso do magist\u00e9rio.<\/p>\n<p>Conforme a lei que instituiu o Fundeb, a Uni\u00e3o repassa a complementa\u00e7\u00e3o aos estados e respectivos munic\u00edpios que n\u00e3o alcan\u00e7am com a pr\u00f3pria arrecada\u00e7\u00e3o o valor m\u00ednimo nacional por aluno estabelecido a cada ano. Em 2017, esse valor \u00e9 de R$ 2.875,03 e os estados que recebem a complementa\u00e7\u00e3o s\u00e3o: Alagoas, Amazonas, Bahia, Cear\u00e1, Maranh\u00e3o, Par\u00e1, Para\u00edba, Pernambuco e Piau\u00ed.<\/p>\n<p><strong>Piso \u2013 <\/strong>At\u00e9 2015, os repasses da complementa\u00e7\u00e3o da Uni\u00e3o para o piso do magist\u00e9rio eram feitos no ano posterior ao de compet\u00eancia. Ou seja, a transfer\u00eancia referente a 2015 foi feita apenas em 2016. No fim do ano passado, por\u00e9m, o MEC mudou essa regra e antecipou o repasse referente a 2016, al\u00e9m de definir que, a partir deste ano, as transfer\u00eancias referentes ao piso dos professores ser\u00e3o feitas mensalmente.<\/p>\n<p>Principal fonte de financiamento da educa\u00e7\u00e3o b\u00e1sica p\u00fablica, o Fundeb \u00e9 formado por percentuais de diversos impostos e transfer\u00eancias constitucionais, a exemplo do Imposto sobre Circula\u00e7\u00e3o de Mercadorias e Servi\u00e7os (ICMS) e o Imposto sobre a Propriedade de Ve\u00edculos Automotores (IPVA).<\/p>\n<p>Pelo menos 60% dos recursos do Fundeb devem ser usados na remunera\u00e7\u00e3o de profissionais do magist\u00e9rio em efetivo exerc\u00edcio, como professores, diretores e orientadores educacionais. O restante serve para despesas de manuten\u00e7\u00e3o e desenvolvimento do ensino, compreendendo, entre outras a\u00e7\u00f5es, o pagamento de outros profissionais ligados \u00e0 educa\u00e7\u00e3o, bem como a aquisi\u00e7\u00e3o de equipamentos e a constru\u00e7\u00e3o de escolas.<\/p>\n","protected":false},"excerpt":{"rendered":"<p>A parcela da complementa\u00e7\u00e3o da Uni\u00e3o ao Fundo de Manuten\u00e7\u00e3o e Desenvolvimento da Educa\u00e7\u00e3o B\u00e1sica e de Valoriza\u00e7\u00e3o dos Profissionais da Educa\u00e7\u00e3o (Fundeb) relativa a fevereiro estar\u00e1 dispon\u00edvel a partir desta quarta-feira, 22, nas contas correntes de estados e munic\u00edpios benefici\u00e1rios, informou o Minist\u00e9rio da Educa\u00e7\u00e3o (MEC). Do total de R$ 918,97 milh\u00f5es repassado pelo Fundo Nacional de Desenvolvimento da [&hellip;]<\/p>\n","protected":false},"author":27,"featured_media":0,"comment_status":"open","ping_status":"closed","sticky":false,"template":"","format":"standard","meta":{"footnotes":""},"categories":[2719],"tags":[5103,1908,943,4706,395,1125,1126,392,944,316],"class_list":["post-4396","post","type-post","status-publish","format-standard","hentry","category-servidor","tag-complementacao","tag-disponiveis","tag-estados","tag-fnde","tag-fundeb","tag-icms","tag-ipva","tag-mec","tag-municipios","tag-recursos"],"_links":{"self":[{"href":"https:\/\/blogs.correiobraziliense.com.br\/servidor\/wp-json\/wp\/v2\/posts\/4396","targetHints":{"allow":["GET"]}}],"collection":[{"href":"https:\/\/blogs.correiobraziliense.com.br\/servidor\/wp-json\/wp\/v2\/posts"}],"about":[{"href":"https:\/\/blogs.correiobraziliense.com.br\/servidor\/wp-json\/wp\/v2\/types\/post"}],"author":[{"embeddable":true,"href":"https:\/\/blogs.correiobraziliense.com.br\/servidor\/wp-json\/wp\/v2\/users\/27"}],"replies":[{"embeddable":true,"href":"https:\/\/blogs.correiobraziliense.com.br\/servidor\/wp-json\/wp\/v2\/comments?post=4396"}],"version-history":[{"count":1,"href":"https:\/\/blogs.correiobraziliense.com.br\/servidor\/wp-json\/wp\/v2\/posts\/4396\/revisions"}],"predecessor-version":[{"id":4397,"href":"https:\/\/blogs.correiobraziliense.com.br\/servidor\/wp-json\/wp\/v2\/posts\/4396\/revisions\/4397"}],"wp:attachment":[{"href":"https:\/\/blogs.correiobraziliense.com.br\/servidor\/wp-json\/wp\/v2\/media?parent=4396"}],"wp:term":[{"taxonomy":"category","embeddable":true,"href":"https:\/\/blogs.correiobraziliense.com.br\/servidor\/wp-json\/wp\/v2\/categories?post=4396"},{"taxonomy":"post_tag","embeddable":true,"href":"https:\/\/blogs.correiobraziliense.com.br\/servidor\/wp-json\/wp\/v2\/tags?post=4396"}],"curies":[{"name":"wp","href":"https:\/\/api.w.org\/{rel}","templated":true}]}}