{"id":4394,"date":"2017-02-21T17:32:37","date_gmt":"2017-02-21T20:32:37","guid":{"rendered":"https:\/\/blogs.correiobraziliense.com.br\/servidor\/?p=4394"},"modified":"2017-02-21T17:32:37","modified_gmt":"2017-02-21T20:32:37","slug":"receita-federal-divulga-amanha-as-regras-da-declaracao-do-irpf-2017","status":"publish","type":"post","link":"https:\/\/blogs.correiobraziliense.com.br\/servidor\/receita-federal-divulga-amanha-as-regras-da-declaracao-do-irpf-2017\/","title":{"rendered":"Receita Federal divulga amanh\u00e3 as regras da declara\u00e7\u00e3o do IRPF 2017"},"content":{"rendered":"<p>O supervisor nacional\u00a0do\u00a0Imposto\u00a0de\u00a0Renda, Joaquim Adir, divulgar\u00e1 amanh\u00e3, 22 de fevereiro, os detalhes do programa de preenchimento da Declara\u00e7\u00e3o do IRPF 2017.<\/p>\n","protected":false},"excerpt":{"rendered":"<p>O supervisor nacional\u00a0do\u00a0Imposto\u00a0de\u00a0Renda, Joaquim Adir, divulgar\u00e1 amanh\u00e3, 22 de fevereiro, os detalhes do programa de preenchimento da Declara\u00e7\u00e3o do IRPF 2017.<\/p>\n","protected":false},"author":27,"featured_media":0,"comment_status":"open","ping_status":"closed","sticky":false,"template":"","format":"standard","meta":{"footnotes":""},"categories":[2719],"tags":[1274,5102,294,751],"class_list":["post-4394","post","type-post","status-publish","format-standard","hentry","category-servidor","tag-declaracao","tag-irpf-2017","tag-receita-federal","tag-regras"],"_links":{"self":[{"href":"https:\/\/blogs.correiobraziliense.com.br\/servidor\/wp-json\/wp\/v2\/posts\/4394","targetHints":{"allow":["GET"]}}],"collection":[{"href":"https:\/\/blogs.correiobraziliense.com.br\/servidor\/wp-json\/wp\/v2\/posts"}],"about":[{"href":"https:\/\/blogs.correiobraziliense.com.br\/servidor\/wp-json\/wp\/v2\/types\/post"}],"author":[{"embeddable":true,"href":"https:\/\/blogs.correiobraziliense.com.br\/servidor\/wp-json\/wp\/v2\/users\/27"}],"replies":[{"embeddable":true,"href":"https:\/\/blogs.correiobraziliense.com.br\/servidor\/wp-json\/wp\/v2\/comments?post=4394"}],"version-history":[{"count":1,"href":"https:\/\/blogs.correiobraziliense.com.br\/servidor\/wp-json\/wp\/v2\/posts\/4394\/revisions"}],"predecessor-version":[{"id":4395,"href":"https:\/\/blogs.correiobraziliense.com.br\/servidor\/wp-json\/wp\/v2\/posts\/4394\/revisions\/4395"}],"wp:attachment":[{"href":"https:\/\/blogs.correiobraziliense.com.br\/servidor\/wp-json\/wp\/v2\/media?parent=4394"}],"wp:term":[{"taxonomy":"category","embeddable":true,"href":"https:\/\/blogs.correiobraziliense.com.br\/servidor\/wp-json\/wp\/v2\/categories?post=4394"},{"taxonomy":"post_tag","embeddable":true,"href":"https:\/\/blogs.correiobraziliense.com.br\/servidor\/wp-json\/wp\/v2\/tags?post=4394"}],"curies":[{"name":"wp","href":"https:\/\/api.w.org\/{rel}","templated":true}]}}