{"id":4388,"date":"2017-02-21T12:40:18","date_gmt":"2017-02-21T15:40:18","guid":{"rendered":"https:\/\/blogs.correiobraziliense.com.br\/servidor\/?p=4388"},"modified":"2017-02-21T12:40:18","modified_gmt":"2017-02-21T15:40:18","slug":"carteira-de-emprestimos-aos-participantes-da-funpresp-comeca-operar-em-julho","status":"publish","type":"post","link":"https:\/\/blogs.correiobraziliense.com.br\/servidor\/carteira-de-emprestimos-aos-participantes-da-funpresp-comeca-operar-em-julho\/","title":{"rendered":"Carteira de empr\u00e9stimos aos participantes da Funpresp come\u00e7a a operar em julho"},"content":{"rendered":"<p class=\"m_1874168015956847785MsoNoSpacing\">A Funda\u00e7\u00e3o de Previd\u00eancia Complementar do Servidor P\u00fablico do Poder Executivo (Funpresp) j\u00e1 tem data para executar a carteira de empr\u00e9stimos aos participantes. A partir de julho, os servidores com plano de previd\u00eancia complementar ter\u00e3o direito ao cr\u00e9dito consignado pela Funda\u00e7\u00e3o. A novidade foi aprovada na \u00faltima sexta-feira (17\/02) pelo Conselho Deliberativo. Mais de 10,7 mil participantes ter\u00e3o acesso a essa possibilidade, informou o Funpresp.<\/p>\n<p class=\"m_1874168015956847785MsoNoSpacing\">Com a aprova\u00e7\u00e3o, a Funpresp segue tomando as medidas administrativas (licita\u00e7\u00e3o) e operacionais. J\u00e1 est\u00e3o definidos os crit\u00e9rios de elegibilidade. Inicialmente, ser\u00e3o atendidos participantes do plano ExecPrev (do Poder Executivo) com, no m\u00ednimo, 12 meses de contribui\u00e7\u00f5es consecutivas e que tenham, pelo menos, R$ 10 mil na reserva acumulada. O cr\u00e9dito poder\u00e1 variar de R$ 10 mil a R$ 40 mil, a depender de cada caso. A contrata\u00e7\u00e3o poder\u00e1 ser feita <i>online<\/i> pela Sala do Participante.<u><\/u><u><\/u><\/p>\n<p class=\"m_1874168015956847785MsoNoSpacing\">A taxa de juros ser\u00e1 de IPCA mais 6% ao ano, al\u00e9m da taxa de administra\u00e7\u00e3o. O custo estimado por m\u00eas ser\u00e1 de 1,4%, abaixo de outras taxas de mercado, praticados pelos bancos.<u><\/u><u><\/u><\/p>\n<p class=\"m_1874168015956847785MsoNoSpacing\">O estudo para a oferta de cr\u00e9dito iniciou-se em 2016, quando foi criado o Subcomit\u00ea de Opera\u00e7\u00f5es com Participantes. Desde julho daquele ano, o grupo tem se reunido semanalmente para tra\u00e7ar as diretrizes do programa e colocar em pr\u00e1tica a diversifica\u00e7\u00e3o de produtos e servi\u00e7os prevista no Planejamento Estrat\u00e9gico 2016\/2019.<u><\/u><u><\/u><\/p>\n<p class=\"m_1874168015956847785MsoNoSpacing\">O regulamento e o modelo de contrato foram criados com base num aprofundado estudo interno. Os membros do subcomit\u00ea realizaram visita a campo para analisar a oferta por outros fundos de pens\u00e3o e seguiram o manual de boas pr\u00e1ticas na gest\u00e3o de empr\u00e9stimos da Associa\u00e7\u00e3o Brasileira das Entidades Fechadas de Previd\u00eancia Complementar (Abrapp).<u><\/u><u><\/u><\/p>\n<p class=\"m_1874168015956847785MsoNoSpacing\">De acordo com o diretor-presidente da Funda\u00e7\u00e3o, Ricardo Pena, a expectativa \u00e9 come\u00e7ar com um volume de R$ 56 milh\u00f5es, dentro do limite de 15% estipulado pela resolu\u00e7\u00e3o CMN 3792, de 2009. \u201cA oferta do empr\u00e9stimo j\u00e1 era uma demanda dos participantes e, agora, se concretiza ampliando a solu\u00e7\u00e3o de previd\u00eancia e tamb\u00e9m de finan\u00e7as pessoais. Dessa forma, refor\u00e7amos a confian\u00e7a junto aos servidores p\u00fablicos\u201d, avalia.<u><\/u><u><\/u><\/p>\n<div class=\"yj6qo ajU\">\n<div id=\":sj\" class=\"ajR\"><img decoding=\"async\" class=\"ajT\" src=\"https:\/\/ssl.gstatic.com\/ui\/v1\/icons\/mail\/images\/cleardot.gif\" alt=\"\" \/><\/div>\n<\/div>\n","protected":false},"excerpt":{"rendered":"<p>A Funda\u00e7\u00e3o de Previd\u00eancia Complementar do Servidor P\u00fablico do Poder Executivo (Funpresp) j\u00e1 tem data para executar a carteira de empr\u00e9stimos aos participantes. A partir de julho, os servidores com plano de previd\u00eancia complementar ter\u00e3o direito ao cr\u00e9dito consignado pela Funda\u00e7\u00e3o. A novidade foi aprovada na \u00faltima sexta-feira (17\/02) pelo Conselho Deliberativo. Mais de 10,7 mil participantes ter\u00e3o acesso a [&hellip;]<\/p>\n","protected":false},"author":27,"featured_media":0,"comment_status":"open","ping_status":"closed","sticky":false,"template":"","format":"standard","meta":{"footnotes":""},"categories":[2719],"tags":[7,1768,2488,3914,5096,820,3704,1669,615,549,58],"class_list":["post-4388","post","type-post","status-publish","format-standard","hentry","category-servidor","tag-complementar","tag-consignado","tag-contribuicoes","tag-emprestimos","tag-execprev","tag-funpresp","tag-licitacao","tag-participantes","tag-plano","tag-previdencia","tag-servidores"],"_links":{"self":[{"href":"https:\/\/blogs.correiobraziliense.com.br\/servidor\/wp-json\/wp\/v2\/posts\/4388","targetHints":{"allow":["GET"]}}],"collection":[{"href":"https:\/\/blogs.correiobraziliense.com.br\/servidor\/wp-json\/wp\/v2\/posts"}],"about":[{"href":"https:\/\/blogs.correiobraziliense.com.br\/servidor\/wp-json\/wp\/v2\/types\/post"}],"author":[{"embeddable":true,"href":"https:\/\/blogs.correiobraziliense.com.br\/servidor\/wp-json\/wp\/v2\/users\/27"}],"replies":[{"embeddable":true,"href":"https:\/\/blogs.correiobraziliense.com.br\/servidor\/wp-json\/wp\/v2\/comments?post=4388"}],"version-history":[{"count":1,"href":"https:\/\/blogs.correiobraziliense.com.br\/servidor\/wp-json\/wp\/v2\/posts\/4388\/revisions"}],"predecessor-version":[{"id":4389,"href":"https:\/\/blogs.correiobraziliense.com.br\/servidor\/wp-json\/wp\/v2\/posts\/4388\/revisions\/4389"}],"wp:attachment":[{"href":"https:\/\/blogs.correiobraziliense.com.br\/servidor\/wp-json\/wp\/v2\/media?parent=4388"}],"wp:term":[{"taxonomy":"category","embeddable":true,"href":"https:\/\/blogs.correiobraziliense.com.br\/servidor\/wp-json\/wp\/v2\/categories?post=4388"},{"taxonomy":"post_tag","embeddable":true,"href":"https:\/\/blogs.correiobraziliense.com.br\/servidor\/wp-json\/wp\/v2\/tags?post=4388"}],"curies":[{"name":"wp","href":"https:\/\/api.w.org\/{rel}","templated":true}]}}