{"id":4379,"date":"2017-02-20T16:29:01","date_gmt":"2017-02-20T19:29:01","guid":{"rendered":"https:\/\/blogs.correiobraziliense.com.br\/servidor\/?p=4379"},"modified":"2017-02-20T16:29:01","modified_gmt":"2017-02-20T19:29:01","slug":"policia-federal-atendimento-ao-publico-sem-previsao-curitiba","status":"publish","type":"post","link":"https:\/\/blogs.correiobraziliense.com.br\/servidor\/policia-federal-atendimento-ao-publico-sem-previsao-curitiba\/","title":{"rendered":"Pol\u00edcia Federal &#8211; Atendimento ao p\u00fablico sem previs\u00e3o, Curitiba"},"content":{"rendered":"<p>Por meio de nota, a assessoria de imprensa da Pol\u00edcia Federal confirmou que o princ\u00edpio de inc\u00eandio, em Curitiba, na manh\u00e3 de hoje, (20\/02), afetou parte da ilumina\u00e7\u00e3o, telefonia e sistema de inform\u00e1tica, prejudicando o atendimento ao p\u00fablico. &#8220;A PF est\u00e1 adotando todas as provid\u00eancias, mas informa que o atendimento ao p\u00fablico est\u00e1 sem previs\u00e3o de retorno&#8221;, ressaltou o documento .<\/p>\n<p>Na madrugada, houve um princ\u00edpio de inc\u00eandio na superintend\u00eancia da PF em Curitiba, onde est\u00e3o os presos da Lava Jato. O fogo foi rapidamente controlado e n\u00e3o houve danos \u00e0 carceragem. O inc\u00eandio atingiu apenas uma sala no subsolo. Ningu\u00e9m ficou ferido. Somente alguns equipamentos eletr\u00f4nicos foram atingidos.<\/p>\n","protected":false},"excerpt":{"rendered":"<p>Por meio de nota, a assessoria de imprensa da Pol\u00edcia Federal confirmou que o princ\u00edpio de inc\u00eandio, em Curitiba, na manh\u00e3 de hoje, (20\/02), afetou parte da ilumina\u00e7\u00e3o, telefonia e sistema de inform\u00e1tica, prejudicando o atendimento ao p\u00fablico. &#8220;A PF est\u00e1 adotando todas as provid\u00eancias, mas informa que o atendimento ao p\u00fablico est\u00e1 sem previs\u00e3o de retorno&#8221;, ressaltou o documento [&hellip;]<\/p>\n","protected":false},"author":27,"featured_media":0,"comment_status":"open","ping_status":"closed","sticky":false,"template":"","format":"standard","meta":{"footnotes":""},"categories":[2719],"tags":[551,661,2089,5093,5092,5091,283,104,241],"class_list":["post-4379","post","type-post","status-publish","format-standard","hentry","category-servidor","tag-atendimento","tag-curitiba","tag-danos","tag-eletronicos","tag-equipamentos","tag-incendio","tag-lava-jato","tag-policia-federal","tag-publico"],"_links":{"self":[{"href":"https:\/\/blogs.correiobraziliense.com.br\/servidor\/wp-json\/wp\/v2\/posts\/4379","targetHints":{"allow":["GET"]}}],"collection":[{"href":"https:\/\/blogs.correiobraziliense.com.br\/servidor\/wp-json\/wp\/v2\/posts"}],"about":[{"href":"https:\/\/blogs.correiobraziliense.com.br\/servidor\/wp-json\/wp\/v2\/types\/post"}],"author":[{"embeddable":true,"href":"https:\/\/blogs.correiobraziliense.com.br\/servidor\/wp-json\/wp\/v2\/users\/27"}],"replies":[{"embeddable":true,"href":"https:\/\/blogs.correiobraziliense.com.br\/servidor\/wp-json\/wp\/v2\/comments?post=4379"}],"version-history":[{"count":1,"href":"https:\/\/blogs.correiobraziliense.com.br\/servidor\/wp-json\/wp\/v2\/posts\/4379\/revisions"}],"predecessor-version":[{"id":4380,"href":"https:\/\/blogs.correiobraziliense.com.br\/servidor\/wp-json\/wp\/v2\/posts\/4379\/revisions\/4380"}],"wp:attachment":[{"href":"https:\/\/blogs.correiobraziliense.com.br\/servidor\/wp-json\/wp\/v2\/media?parent=4379"}],"wp:term":[{"taxonomy":"category","embeddable":true,"href":"https:\/\/blogs.correiobraziliense.com.br\/servidor\/wp-json\/wp\/v2\/categories?post=4379"},{"taxonomy":"post_tag","embeddable":true,"href":"https:\/\/blogs.correiobraziliense.com.br\/servidor\/wp-json\/wp\/v2\/tags?post=4379"}],"curies":[{"name":"wp","href":"https:\/\/api.w.org\/{rel}","templated":true}]}}