{"id":4376,"date":"2017-02-20T14:35:27","date_gmt":"2017-02-20T17:35:27","guid":{"rendered":"https:\/\/blogs.correiobraziliense.com.br\/servidor\/?p=4376"},"modified":"2017-02-20T14:35:27","modified_gmt":"2017-02-20T17:35:27","slug":"matalurgicos-contra-reforma-da-previdencia","status":"publish","type":"post","link":"https:\/\/blogs.correiobraziliense.com.br\/servidor\/matalurgicos-contra-reforma-da-previdencia\/","title":{"rendered":"Matal\u00fargicos contra a reforma da Previd\u00eancia"},"content":{"rendered":"<p>Uma delega\u00e7\u00e3o do Sindicato dos Metal\u00fargicos de S\u00e3o Jos\u00e9 dos Campos (CSP-Conlutas) vai a Bras\u00edlia, nesta ter\u00e7a-feira (21), para cobrar dos deputados federais e senadores o voto contra a reforma da Previd\u00eancia. Os trabalhadores ir\u00e3o se somar a outras categorias que tamb\u00e9m estar\u00e3o no local, a partir das 9h.<\/p>\n<p>Cerca de 40 metal\u00fargicos seguir\u00e3o para o Congresso Nacional para fazer um \u201ccorpo a corpo\u201d com os parlamentares. A ofensiva faz parte da campanha para derrubar a reforma previdenci\u00e1ria proposta pelo governo de Michel Temer (PDDB).<\/p>\n<p>\u201cEsta reforma n\u00e3o vai melhorar em nada a Previd\u00eancia. N\u00e3o tem um ponto positivo sequer, por isso vamos come\u00e7ar uma campanha forte para pressionar os deputados a derrub\u00e1-la. Quem votar a favor da proposta estar\u00e1 votando pelo fim da aposentadoria e dos benef\u00edcios sociais da Previd\u00eancia\u201d, disse Macap\u00e1.<\/p>\n<p><strong>Ato P\u00fablico<\/strong><\/p>\n<p>O F\u00f3rum Interinstitucional em Defesa do Direito do Trabalho e da Previd\u00eancia Social (Fids) vai realizar nesta quarta-feira, dia 22, \u00e0s 10h, o Ato P\u00fablico contra as Reformas Trabalhista e da Previd\u00eancia, na C\u00e2mara dos Deputados (Audit\u00f3rio Nereu Ramos), em Bras\u00edlia.<\/p>\n<p>Esse f\u00f3rum foi formado a partir de uma iniciativa do Minist\u00e9rio P\u00fablico do Trabalho, que convidou centrais sindicais e outras entidades para debater as reformas e dizer n\u00e3o a redu\u00e7\u00e3o de direitos sociais.\u00a0 A CSP-Conlutas e o Sindicato dos Metal\u00fargicos de S\u00e3o Jos\u00e9 dos Campos fazem parte do Fids.<\/p>\n","protected":false},"excerpt":{"rendered":"<p>Uma delega\u00e7\u00e3o do Sindicato dos Metal\u00fargicos de S\u00e3o Jos\u00e9 dos Campos (CSP-Conlutas) vai a Bras\u00edlia, nesta ter\u00e7a-feira (21), para cobrar dos deputados federais e senadores o voto contra a reforma da Previd\u00eancia. Os trabalhadores ir\u00e3o se somar a outras categorias que tamb\u00e9m estar\u00e3o no local, a partir das 9h. Cerca de 40 metal\u00fargicos seguir\u00e3o para o Congresso Nacional para fazer [&hellip;]<\/p>\n","protected":false},"author":27,"featured_media":0,"comment_status":"open","ping_status":"closed","sticky":false,"template":"","format":"standard","meta":{"footnotes":""},"categories":[2719],"tags":[693,5089,1298,5090,128,4865,549,711,607,39],"class_list":["post-4376","post","type-post","status-publish","format-standard","hentry","category-servidor","tag-congresso-nacional","tag-corpo-a-corpo","tag-deputados","tag-fids","tag-metalurgicos","tag-ofensiva","tag-previdencia","tag-reforma","tag-sao-jose-dos-campos","tag-senadores"],"_links":{"self":[{"href":"https:\/\/blogs.correiobraziliense.com.br\/servidor\/wp-json\/wp\/v2\/posts\/4376","targetHints":{"allow":["GET"]}}],"collection":[{"href":"https:\/\/blogs.correiobraziliense.com.br\/servidor\/wp-json\/wp\/v2\/posts"}],"about":[{"href":"https:\/\/blogs.correiobraziliense.com.br\/servidor\/wp-json\/wp\/v2\/types\/post"}],"author":[{"embeddable":true,"href":"https:\/\/blogs.correiobraziliense.com.br\/servidor\/wp-json\/wp\/v2\/users\/27"}],"replies":[{"embeddable":true,"href":"https:\/\/blogs.correiobraziliense.com.br\/servidor\/wp-json\/wp\/v2\/comments?post=4376"}],"version-history":[{"count":1,"href":"https:\/\/blogs.correiobraziliense.com.br\/servidor\/wp-json\/wp\/v2\/posts\/4376\/revisions"}],"predecessor-version":[{"id":4377,"href":"https:\/\/blogs.correiobraziliense.com.br\/servidor\/wp-json\/wp\/v2\/posts\/4376\/revisions\/4377"}],"wp:attachment":[{"href":"https:\/\/blogs.correiobraziliense.com.br\/servidor\/wp-json\/wp\/v2\/media?parent=4376"}],"wp:term":[{"taxonomy":"category","embeddable":true,"href":"https:\/\/blogs.correiobraziliense.com.br\/servidor\/wp-json\/wp\/v2\/categories?post=4376"},{"taxonomy":"post_tag","embeddable":true,"href":"https:\/\/blogs.correiobraziliense.com.br\/servidor\/wp-json\/wp\/v2\/tags?post=4376"}],"curies":[{"name":"wp","href":"https:\/\/api.w.org\/{rel}","templated":true}]}}