{"id":4372,"date":"2017-02-20T11:14:49","date_gmt":"2017-02-20T14:14:49","guid":{"rendered":"https:\/\/blogs.correiobraziliense.com.br\/servidor\/?p=4372"},"modified":"2017-02-20T11:14:49","modified_gmt":"2017-02-20T14:14:49","slug":"pf-informa-que-lava-jato-esta-garantida","status":"publish","type":"post","link":"https:\/\/blogs.correiobraziliense.com.br\/servidor\/pf-informa-que-lava-jato-esta-garantida\/","title":{"rendered":"PF informa que Lava Jato est\u00e1 garantida no Paran\u00e1"},"content":{"rendered":"<p><em>Por meio de nota, a dire\u00e7\u00e3o-geral da Pol\u00edcia Federal informou que todo o recurso or\u00e7ament\u00e1rio solicitado e cronograma de trabalho para 2017 (di\u00e1rias e passagens) foi totalmente aprovado e liberado<\/em><\/p>\n<p>Veja a nota:<\/p>\n<p>&#8220;Em reuni\u00e3o realizada no \u00faltimo dia 15\/02, entre o diretor-geral da Pol\u00edcia Federal, Leandro Daiello Coimbra, o diretor de Investiga\u00e7\u00e3o e Combate ao Crime Organizado (Dicaro),\u00a0 Maur\u00edcio Leite Valeixo, o superintendente regional da PF no Paran\u00e1, Rosalvo Ferreira Franco, e o coordenador regional adjunto da Opera\u00e7\u00e3o Lava Jato, Maur\u00edcio Moscardi Grillo, temos a destacar:<\/p>\n<p>1. Todo o recurso or\u00e7ament\u00e1rio solicitado pela coordena\u00e7\u00e3o regional da Opera\u00e7\u00e3o Lava Jato do cronograma de trabalho para o ano de 2017 (di\u00e1rias e passagens), foi totalmente aprovado e liberado pela dire\u00e7\u00e3o-geral da PF;<\/p>\n<p>2. Ficou acertado que ser\u00e3o encaminhados pela Coordena\u00e7\u00e3o Regional da Opera\u00e7\u00e3o Lava Jato \u00e0 Dicor\/PF, os nomes dos servidores a serem recrutados e empregados nos trabalhos investigativos durante o ano de 2017;<\/p>\n<p>3. J\u00e1 est\u00e1 acertado e escolhido o nome do delegado que ser\u00e1 removido para o lugar do delegado de Pol\u00edcia Federal M\u00e1rcio Anselmo, cujo nome ser\u00e1 oportunamente divulgado;<\/p>\n<p>A administra\u00e7\u00e3o regional e a coordena\u00e7\u00e3o regional da Opera\u00e7\u00e3o Lava Jato ratificam que s\u00e3o totalmente infundadas as not\u00edcias de que a Opera\u00e7\u00e3o Lava Jato no \u00e2mbito da Pol\u00edcia Federal no Paran\u00e1 sofreu ou sofrer\u00e1 desmantelamento.<\/p>\n<p>Comunica\u00e7\u00e3o Social da Pol\u00edcia Federal em Curitiba-Paran\u00e1&#8221;<\/p>\n","protected":false},"excerpt":{"rendered":"<p>Por meio de nota, a dire\u00e7\u00e3o-geral da Pol\u00edcia Federal informou que todo o recurso or\u00e7ament\u00e1rio solicitado e cronograma de trabalho para 2017 (di\u00e1rias e passagens) foi totalmente aprovado e liberado Veja a nota: &#8220;Em reuni\u00e3o realizada no \u00faltimo dia 15\/02, entre o diretor-geral da Pol\u00edcia Federal, Leandro Daiello Coimbra, o diretor de Investiga\u00e7\u00e3o e Combate ao Crime Organizado (Dicaro),\u00a0 Maur\u00edcio [&hellip;]<\/p>\n","protected":false},"author":27,"featured_media":0,"comment_status":"open","ping_status":"closed","sticky":false,"template":"","format":"standard","meta":{"footnotes":""},"categories":[2719],"tags":[1691,797,1753,1380,1407,3213,5087,1393,319,2441,261],"class_list":["post-4372","post","type-post","status-publish","format-standard","hentry","category-servidor","tag-aprovado","tag-cronograma","tag-diarias","tag-liberados","tag-operacao-lava-jato","tag-orcamentario","tag-parana","tag-passagens","tag-pf","tag-recurso","tag-trabalho"],"_links":{"self":[{"href":"https:\/\/blogs.correiobraziliense.com.br\/servidor\/wp-json\/wp\/v2\/posts\/4372","targetHints":{"allow":["GET"]}}],"collection":[{"href":"https:\/\/blogs.correiobraziliense.com.br\/servidor\/wp-json\/wp\/v2\/posts"}],"about":[{"href":"https:\/\/blogs.correiobraziliense.com.br\/servidor\/wp-json\/wp\/v2\/types\/post"}],"author":[{"embeddable":true,"href":"https:\/\/blogs.correiobraziliense.com.br\/servidor\/wp-json\/wp\/v2\/users\/27"}],"replies":[{"embeddable":true,"href":"https:\/\/blogs.correiobraziliense.com.br\/servidor\/wp-json\/wp\/v2\/comments?post=4372"}],"version-history":[{"count":1,"href":"https:\/\/blogs.correiobraziliense.com.br\/servidor\/wp-json\/wp\/v2\/posts\/4372\/revisions"}],"predecessor-version":[{"id":4373,"href":"https:\/\/blogs.correiobraziliense.com.br\/servidor\/wp-json\/wp\/v2\/posts\/4372\/revisions\/4373"}],"wp:attachment":[{"href":"https:\/\/blogs.correiobraziliense.com.br\/servidor\/wp-json\/wp\/v2\/media?parent=4372"}],"wp:term":[{"taxonomy":"category","embeddable":true,"href":"https:\/\/blogs.correiobraziliense.com.br\/servidor\/wp-json\/wp\/v2\/categories?post=4372"},{"taxonomy":"post_tag","embeddable":true,"href":"https:\/\/blogs.correiobraziliense.com.br\/servidor\/wp-json\/wp\/v2\/tags?post=4372"}],"curies":[{"name":"wp","href":"https:\/\/api.w.org\/{rel}","templated":true}]}}