{"id":4366,"date":"2017-02-17T18:13:52","date_gmt":"2017-02-17T20:13:52","guid":{"rendered":"https:\/\/blogs.correiobraziliense.com.br\/servidor\/?p=4366"},"modified":"2017-02-17T18:13:52","modified_gmt":"2017-02-17T20:13:52","slug":"reinhold-stephanes-defende-adocao-de-idade-minima-adequada-para-aposentadoria","status":"publish","type":"post","link":"https:\/\/blogs.correiobraziliense.com.br\/servidor\/reinhold-stephanes-defende-adocao-de-idade-minima-adequada-para-aposentadoria\/","title":{"rendered":"Reinhold Stephanes defende ado\u00e7\u00e3o de idade m\u00ednima adequada para aposentadoria"},"content":{"rendered":"<p>O deputado Reinhold Stephanes (PSD-PR) afirmou, nesta quinta-feira (16), que um erro b\u00e1sico e hist\u00f3rico do sistema previdenci\u00e1rio brasileiro \u00e9 a falta de uma idade m\u00ednima adequada para a aposentadoria. Segundo ele, esse \u00e9 um dos principais pontos a serem abordados durante as discuss\u00f5es da PEC 287\/16. Outro problema do sistema vigente, apontado pelo deputado, \u00e9 a falta de equidade. \u201cN\u00e3o h\u00e1 nenhuma d\u00favida de que, historicamente, algumas categorias s\u00e3o extremamente privilegiadas quando comparadas a maioria dos aposentados do INSS\u201d, afirmou.<\/p>\n<p>Em manifesta\u00e7\u00e3o durante audi\u00eancia p\u00fablica realizada pela comiss\u00e3o especial que analisa a proposta de reforma da Previd\u00eancia, Stephanes explicou que a idade m\u00ednima \u00e9 adotada por praticamente todos os pa\u00edses do mundo e que se trata de um dos princ\u00edpios difundidos como b\u00e1sico para que o sistema possa funcionar adequadamente. \u201cRevisei toda a bibliografia existente no Brasil e boa parte da internacional e posso garantir que trato desse tema de forma t\u00e9cnica e de acordo com o que a grande maioria de especialistas observam. N\u00e3o somos diferentes do mundo e precisamos seguir alguns dos fundamentos amplamente praticados nos mais diversos pa\u00edses.\u201d<\/p>\n<p>O deputado ressaltou ainda que, apesar de o Brasil ter passado por quatro reformas nos \u00faltimos 16 anos, todas deixaram a desejar. \u201cCorrigir um sistema que vem sendo constru\u00eddo desde a sua origem de forma errada \u00e9 muito dif\u00edcil. Precisamos encarar essa oportunidade de reforma como natural e necess\u00e1ria. At\u00e9 porque os erros do sistema acabam por privilegiar as pessoas que tem melhor situa\u00e7\u00e3o na sociedade\u201d, concluiu.<\/p>\n","protected":false},"excerpt":{"rendered":"<p>O deputado Reinhold Stephanes (PSD-PR) afirmou, nesta quinta-feira (16), que um erro b\u00e1sico e hist\u00f3rico do sistema previdenci\u00e1rio brasileiro \u00e9 a falta de uma idade m\u00ednima adequada para a aposentadoria. Segundo ele, esse \u00e9 um dos principais pontos a serem abordados durante as discuss\u00f5es da PEC 287\/16. Outro problema do sistema vigente, apontado pelo deputado, \u00e9 a falta de equidade. [&hellip;]<\/p>\n","protected":false},"author":27,"featured_media":0,"comment_status":"open","ping_status":"closed","sticky":false,"template":"","format":"standard","meta":{"footnotes":""},"categories":[2719],"tags":[6,192,803,1150,5083,2725,2054,2178,3010,4519,5082,961],"class_list":["post-4366","post","type-post","status-publish","format-standard","hentry","category-servidor","tag-aposentadoria","tag-audiencia","tag-categorias","tag-comissao","tag-equidade","tag-erros","tag-idade","tag-minima","tag-previdenciario","tag-privilegiadas","tag-reinhold-stephanes","tag-sistema"],"_links":{"self":[{"href":"https:\/\/blogs.correiobraziliense.com.br\/servidor\/wp-json\/wp\/v2\/posts\/4366","targetHints":{"allow":["GET"]}}],"collection":[{"href":"https:\/\/blogs.correiobraziliense.com.br\/servidor\/wp-json\/wp\/v2\/posts"}],"about":[{"href":"https:\/\/blogs.correiobraziliense.com.br\/servidor\/wp-json\/wp\/v2\/types\/post"}],"author":[{"embeddable":true,"href":"https:\/\/blogs.correiobraziliense.com.br\/servidor\/wp-json\/wp\/v2\/users\/27"}],"replies":[{"embeddable":true,"href":"https:\/\/blogs.correiobraziliense.com.br\/servidor\/wp-json\/wp\/v2\/comments?post=4366"}],"version-history":[{"count":1,"href":"https:\/\/blogs.correiobraziliense.com.br\/servidor\/wp-json\/wp\/v2\/posts\/4366\/revisions"}],"predecessor-version":[{"id":4367,"href":"https:\/\/blogs.correiobraziliense.com.br\/servidor\/wp-json\/wp\/v2\/posts\/4366\/revisions\/4367"}],"wp:attachment":[{"href":"https:\/\/blogs.correiobraziliense.com.br\/servidor\/wp-json\/wp\/v2\/media?parent=4366"}],"wp:term":[{"taxonomy":"category","embeddable":true,"href":"https:\/\/blogs.correiobraziliense.com.br\/servidor\/wp-json\/wp\/v2\/categories?post=4366"},{"taxonomy":"post_tag","embeddable":true,"href":"https:\/\/blogs.correiobraziliense.com.br\/servidor\/wp-json\/wp\/v2\/tags?post=4366"}],"curies":[{"name":"wp","href":"https:\/\/api.w.org\/{rel}","templated":true}]}}