{"id":4361,"date":"2017-02-17T15:04:57","date_gmt":"2017-02-17T17:04:57","guid":{"rendered":"https:\/\/blogs.correiobraziliense.com.br\/servidor\/?p=4361"},"modified":"2017-02-17T15:04:57","modified_gmt":"2017-02-17T17:04:57","slug":"congresso-nacional-das-mesas-diretoras-de-camaras-municipais-22-e-23-de-fevereiro","status":"publish","type":"post","link":"https:\/\/blogs.correiobraziliense.com.br\/servidor\/congresso-nacional-das-mesas-diretoras-de-camaras-municipais-22-e-23-de-fevereiro\/","title":{"rendered":"Congresso Nacional das Mesas Diretoras de C\u00e2maras Municipais &#8211; 22 e 23 de fevereiro"},"content":{"rendered":"<p><em>Ser\u00e1 em Bras\u00edlia, no Senado Federal, C\u00e2mara dos deputados e TCU, nos dias 21 e 22 de fevereiro, o I Congresso Nacional de Mesas Diretoras de C\u00e2maras Municipais,\u00a0 que assumem na legislatura 2017<\/em><\/p>\n<p>A realiza\u00e7\u00e3o \u00e9 da Fenalegis, com o objetivo de preparar as lideran\u00e7as para os principais desafios para a gest\u00e3o legislativa de 2017 a 2020. S\u00e3o desafios pol\u00edticos, administrativos, institucionais e que interessam diversos setores dos legislativos municipais: os agentes pol\u00edticos eleitos \u2013 os vereadores \u2013 e os quadros do setor jur\u00eddico, diretores gerais e de comunica\u00e7\u00e3o. \u00c9 este conjunto que, reparado e alinhado, pode fazer a diferen\u00e7a entre o sucesso e o fracasso da gest\u00e3o, e o bom recebimento de suas pr\u00e1ticas e realiza\u00e7\u00f5es junto \u00e0 sociedade local ou n\u00e3o.<\/p>\n<div id=\"centerbottom\" class=\"yjsgsitew\">\n<div id=\"holder2\">\n<div id=\"midblock\">\n<div class=\"insidem\">\n<div class=\"nojb news_item_a\">\n<div class=\"yjsquare_in\">\n<p>O evento ser\u00e1 composto das seguintes atividades:<\/p>\n<p><strong>DIA 21 \u2013 Palestras e Debates no Audit\u00f3rio Petr\u00f4nio Portela no Senado Federal<br \/>\n<\/strong><\/p>\n<p><strong>8h30 \u2013 9h00<\/strong> \u2013 Receptivo<\/p>\n<p><strong>9h00<\/strong> \u2013 Abertura<\/p>\n<p><strong>9h30<\/strong> \u2013 Painel \u2013 DESAFIOS DAS MESAS DIRETORAS PARA ESTA LEGISLATURA<\/p>\n<p>Com Antonio Lassance, Pesquisador do IPEA e representante da OAB Brasil<\/p>\n<p>Um painel para debater como a C\u00e2mara Municipal pode dar respostas para as novas press\u00f5es\u00a0de cidadania existentes na sociedade brasileira nos \u00faltimos anos.<\/p>\n<p><strong>10h45<\/strong>\u00a0&#8211;\u00a0Painel \u2013 GEST\u00c3O DE RECURSOS HUMANOS NO LEGISLATIVO<\/p>\n<p>Com Celso Gabriel, Diretor de RH da C\u00e2mara Municipal de S\u00e3o Paulo,e Roberto Teixeira, Diretor de RH da C\u00e2mara dos Deputados e Paulo Ricardo dos Santos Meira, Diretor da Secretaria de Gest\u00e3o de Pessoas do Senado Federal<\/p>\n<p>Um debate sobre a import\u00e2ncia de fortalecer os quadros do legislativo como seu principal recurso na qualifica\u00e7\u00e3o da produtividade legislativa e atendimento da sociedade.<\/p>\n<p><strong>12h00<\/strong>\u00a0\u2013 Almo\u00e7o<\/p>\n<p><strong>14h00<\/strong> \u2013 Painel \u2013 A TRANSPAR\u00caNCIA COMO ESTRAT\u00c9GIA DE GEST\u00c3O LEGISLATIVA<\/p>\n<p>Com Leonardo Cavalcanti, editor de Pol\u00edtica do Correio Braziliense, representante da\u00a0Transpar\u00eancia Internacional e Cristiano Ferri, diretor do Laborat\u00f3rio Hacker da C\u00e2mara dos\u00a0Deputados.<\/p>\n<p><strong>15h00<\/strong> \u2013 Painel \u2013 A ATUA\u00c7\u00c3O DAS PROCURADORIAS NO FORTELACIMENTO DO PODER\u00a0LEGISLATIVO<\/p>\n<p>O Painel abordar\u00e1 a rela\u00e7\u00e3o existente entre as atribui\u00e7\u00f5es exercidas pelas Procuradorias e o\u00a0fortalecimento institucional. Os temas discutidos demonstrar\u00e3o como a atua\u00e7\u00e3o dos\u00a0procuradores de forma preventiva, atrav\u00e9s da consultoria jur\u00eddica, ou mesmo pela via judicial,\u00a0contribui para a defesa dos interesses institucionais, dando suporte \u00e0 fun\u00e7\u00e3o administrativa e\u00a0tamb\u00e9m, \u00e0s fun\u00e7\u00f5es legislativa e fiscalizadora da C\u00e2mara Municipal.<\/p>\n<p><em><strong>Participantes do Painel:<\/strong><\/em> Dr Ricardo Teixeira da Silva, Procurador Legislativo da C\u00e2mara Municipal de S\u00e3o Paulo e Rafael Neubern Demarchi Costa, Procurador Geral do Minist\u00e9rio P\u00fablico de Contas do Estado de S\u00e3o Paulo.<\/p>\n<p><strong>16h00<\/strong> \u2013 Painel \u2013 IMUNIDADES, PRERROGATIVAS E RESPONSABILIDADES DO VEREADOR<\/p>\n<p>O painel abordar\u00e1 tr\u00eas pilares que sustentam o mandato parlamentar e ser\u00e1 ilustrado com\u00a0casos pr\u00e1ticos,propiciando a discuss\u00e3o sobre a extens\u00e3o dos conceitos e seu significado atual,\u00a0\u00e0 luz de recentes decis\u00f5es judiciais.<\/p>\n<p><em><strong>Participantes do Painel:<\/strong><\/em> Dr. Rodrigo Emanuel de Ara\u00fajo Dantas, procurador Legislativo de Natal e Raul Miguel Freitas de Oliveira, Procurador Legislativo, de Santa B\u00e1rbara do Oeste.<\/p>\n<p><strong>Dia 22 \u2013 Manh\u00e3 \u2013 Tour na C\u00e2mara dos Deputados e encontro com Parlamentares\u00a0Federais para interc\u00e2mbio a respeito de trabalho no Congresso em prol dos\u00a0munic\u00edpios<\/strong><\/p>\n<p>Dia 22 \u2013 Tarde \u2013 No TCU \u2013 Tribunal de Contas da Uni\u00e3o<\/p>\n<p><strong>14h00<\/strong> \u2013 Palestra sobre Contas P\u00fablicas<\/p>\n<p><strong>15h00<\/strong> \u2013 Acompanhamento de Sess\u00e3o de Julgamento de Contas P\u00fablicas<\/p>\n<p><strong>16h00<\/strong> \u2013 Encontro com Ministros do TCU sobre a import\u00e2ncia do equil\u00edbrio fiscal e\u00a0transpar\u00eancia<\/p>\n<p><strong>Veja abaixo descritivo:<\/strong><\/p>\n<p><strong>\u00a0<\/strong><\/p>\n<p>&nbsp;<\/p>\n<p><img loading=\"lazy\" decoding=\"async\" src=\"http:\/\/www.fenalegis.org.br\/site\/images\/fenacongr.jpg\" alt=\"\" width=\"433\" height=\"638\" border=\"0\" \/><\/p>\n<p>&nbsp;<\/p>\n<p><strong>Inscri\u00e7\u00f5es Gratuitas<br \/>\n<\/strong><\/p>\n<p><strong>PARA INSCRI\u00c7\u00c3O<\/strong><\/p>\n<p>Envie Nome \u2013 Cargo \u2013 Institui\u00e7\u00e3o \u2013 Email e Fone Fixo e Celular para o email:\u00a0<span id=\"cloak43628\"><a href=\"mailto:administrativo@fenalegis.org.br\">administrativo@fenalegis.org.br<\/a><\/span><\/p>\n<p>Ou ligue para: 11 25018582 &#8211; 31058476<\/p>\n<\/div>\n<\/div>\n<\/div>\n<\/div>\n<\/div>\n<\/div>\n<div class=\"footer_holders\">\n<div id=\"yjsg7\" class=\"yjsg_grid yjsgsitew\">\n<div id=\"user21\" class=\"yjsgxhtml only_mod\">\n<div class=\"yjsquare \">\n<div class=\"yjsquare_in\">\n<p><img loading=\"lazy\" decoding=\"async\" src=\"http:\/\/www.fenalegis.org.br\/site\/images\/footfena02c.jpg\" alt=\"\" width=\"1200\" height=\"150\" border=\"0\" \/><\/p>\n<\/div>\n<\/div>\n<\/div>\n<\/div>\n<\/div>\n","protected":false},"excerpt":{"rendered":"<p>Ser\u00e1 em Bras\u00edlia, no Senado Federal, C\u00e2mara dos deputados e TCU, nos dias 21 e 22 de fevereiro, o I Congresso Nacional de Mesas Diretoras de C\u00e2maras Municipais,\u00a0 que assumem na legislatura 2017 A realiza\u00e7\u00e3o \u00e9 da Fenalegis, com o objetivo de preparar as lideran\u00e7as para os principais desafios para a gest\u00e3o legislativa de 2017 a 2020. S\u00e3o desafios pol\u00edticos, [&hellip;]<\/p>\n","protected":false},"author":27,"featured_media":0,"comment_status":"open","ping_status":"closed","sticky":false,"template":"","format":"standard","meta":{"footnotes":""},"categories":[2719],"tags":[5069,5068,100,5071,5070,5067,1690,3779,1411,635],"class_list":["post-4361","post","type-post","status-publish","format-standard","hentry","category-servidor","tag-camara-deputados","tag-camaras","tag-congresso","tag-debates","tag-fenalegis","tag-mesas-diretoras","tag-municipais","tag-palestras","tag-politicos","tag-tcu"],"_links":{"self":[{"href":"https:\/\/blogs.correiobraziliense.com.br\/servidor\/wp-json\/wp\/v2\/posts\/4361","targetHints":{"allow":["GET"]}}],"collection":[{"href":"https:\/\/blogs.correiobraziliense.com.br\/servidor\/wp-json\/wp\/v2\/posts"}],"about":[{"href":"https:\/\/blogs.correiobraziliense.com.br\/servidor\/wp-json\/wp\/v2\/types\/post"}],"author":[{"embeddable":true,"href":"https:\/\/blogs.correiobraziliense.com.br\/servidor\/wp-json\/wp\/v2\/users\/27"}],"replies":[{"embeddable":true,"href":"https:\/\/blogs.correiobraziliense.com.br\/servidor\/wp-json\/wp\/v2\/comments?post=4361"}],"version-history":[{"count":1,"href":"https:\/\/blogs.correiobraziliense.com.br\/servidor\/wp-json\/wp\/v2\/posts\/4361\/revisions"}],"predecessor-version":[{"id":4362,"href":"https:\/\/blogs.correiobraziliense.com.br\/servidor\/wp-json\/wp\/v2\/posts\/4361\/revisions\/4362"}],"wp:attachment":[{"href":"https:\/\/blogs.correiobraziliense.com.br\/servidor\/wp-json\/wp\/v2\/media?parent=4361"}],"wp:term":[{"taxonomy":"category","embeddable":true,"href":"https:\/\/blogs.correiobraziliense.com.br\/servidor\/wp-json\/wp\/v2\/categories?post=4361"},{"taxonomy":"post_tag","embeddable":true,"href":"https:\/\/blogs.correiobraziliense.com.br\/servidor\/wp-json\/wp\/v2\/tags?post=4361"}],"curies":[{"name":"wp","href":"https:\/\/api.w.org\/{rel}","templated":true}]}}