{"id":4338,"date":"2017-02-15T20:19:35","date_gmt":"2017-02-15T22:19:35","guid":{"rendered":"https:\/\/blogs.correiobraziliense.com.br\/servidor\/?p=4338"},"modified":"2017-02-15T20:19:35","modified_gmt":"2017-02-15T22:19:35","slug":"moraes-pode-decidir-sobre-responsabilidade-subsidiaria-da-uniao-em-contratos-terceirizados","status":"publish","type":"post","link":"https:\/\/blogs.correiobraziliense.com.br\/servidor\/moraes-pode-decidir-sobre-responsabilidade-subsidiaria-da-uniao-em-contratos-terceirizados\/","title":{"rendered":"Moraes pode decidir sobre responsabilidade subsidi\u00e1ria da Uni\u00e3o em contratos terceirizados"},"content":{"rendered":"<p><strong>MARGARETH LOUREN\u00c7O<\/strong><\/p>\n<div>A defini\u00e7\u00e3o se a administra\u00e7\u00e3o p\u00fablica \u00e9 respons\u00e1vel pelos encargos trabalhistas gerados em caso de inadimpl\u00eancia de empresas terceirizadas deve ficar nas m\u00e3os do novo ministro do STF, Alexandre Moraes. J\u00e1 indicado para o posto pelo presidente Michel Temer, o ministro licenciado da Justi\u00e7a deve ser sabatinado dia 21 de fevereiro, na pr\u00f3xima ter\u00e7a-feira, pela Comiss\u00e3o de Constitui\u00e7\u00e3o e Justi\u00e7a (CCJ) do Senado. Somente ap\u00f3s ter seu nome aprovado pela comiss\u00e3o, ele poder\u00e1 assumir a vaga de Teori Zavascki, que morreu em janeiro.<\/div>\n<div><\/div>\n<div>O recurso a ser decidido por Moraes e que trata da responsabilidade subsidi\u00e1ria da administra\u00e7\u00e3o p\u00fablica por encargos trabalhistas gerados pelo inadimplemento de empresa terceirizada come\u00e7ou a ser debatido no plen\u00e1rio no dia 2 de fevereiro. Na semana passada, ap\u00f3s exporem seus votos, os ministros decidiram aguardar a decis\u00e3o da ministra C\u00e1rmen L\u00facia, que estava ausente. No dia seguinte a sua falta, quinta-feira 9, a ministra tamb\u00e9m n\u00e3o compareceu, devido \u00e0 morte do seu pai.<\/div>\n<div><\/div>\n<div>Na sess\u00e3o desta quarta-feira, C\u00e1rmen L\u00facia votou contra a responsabilidade subsidi\u00e1ria e o placar ficou empatado, com cinco votos a cinco. A ministra que preside a Corte decidiu, ent\u00e3o, aguardar a chegada do novo ministro da Corte para desempatar o julgamento. &#8220;A minha proposta \u00e9 de suspender o julgamento, para que se aguarde a chegada do novo ministro\u201d, disse C\u00e1rmen ao lembrar que a decis\u00e3o ser\u00e1 de repercuss\u00e3o geral. Ou seja, trata-se de uma decis\u00e3o que depois ser\u00e1 aplicada posteriormente pelas inst\u00e2ncias inferiores, em casos id\u00eanticos.<\/div>\n<div><\/div>\n<div>A relatoria desta mat\u00e9ria \u00e9 da ministra Rosa Weber. Ela vedou a transfer\u00eancia autom\u00e1tica \u00e0 administra\u00e7\u00e3o p\u00fablica dos encargos trabalhistas resultantes da execu\u00e7\u00e3o de contrato de presta\u00e7\u00e3o de servi\u00e7os. Mas, segundo entendeu a ministra Rosa Weber, n\u00e3o fere a Constitui\u00e7\u00e3o a imputa\u00e7\u00e3o de responsabilidade subsidi\u00e1ria \u00e0 administra\u00e7\u00e3o p\u00fablica pelo inadimplemento de obriga\u00e7\u00f5es trabalhistas por empresas terceirizadas, em caso de culpa comprovada do Poder P\u00fablico em rela\u00e7\u00e3o aos deveres legais de acompanhar e fiscalizar o contrato de presta\u00e7\u00e3o de servi\u00e7os.<\/div>\n","protected":false},"excerpt":{"rendered":"<p>MARGARETH LOUREN\u00c7O A defini\u00e7\u00e3o se a administra\u00e7\u00e3o p\u00fablica \u00e9 respons\u00e1vel pelos encargos trabalhistas gerados em caso de inadimpl\u00eancia de empresas terceirizadas deve ficar nas m\u00e3os do novo ministro do STF, Alexandre Moraes. J\u00e1 indicado para o posto pelo presidente Michel Temer, o ministro licenciado da Justi\u00e7a deve ser sabatinado dia 21 de fevereiro, na pr\u00f3xima ter\u00e7a-feira, pela Comiss\u00e3o de Constitui\u00e7\u00e3o [&hellip;]<\/p>\n","protected":false},"author":27,"featured_media":0,"comment_status":"open","ping_status":"closed","sticky":false,"template":"","format":"standard","meta":{"footnotes":""},"categories":[2719],"tags":[3983,2187,390,5034,4769,5036,696,34,5037,5035,408,421],"class_list":["post-4338","post","type-post","status-publish","format-standard","hentry","category-servidor","tag-alexandre-moraes","tag-ccj","tag-empresas","tag-encargos","tag-inadimplencia","tag-sabatinado","tag-senado","tag-stf","tag-teori","tag-terceirizadas","tag-trabalhistas","tag-vaga"],"_links":{"self":[{"href":"https:\/\/blogs.correiobraziliense.com.br\/servidor\/wp-json\/wp\/v2\/posts\/4338","targetHints":{"allow":["GET"]}}],"collection":[{"href":"https:\/\/blogs.correiobraziliense.com.br\/servidor\/wp-json\/wp\/v2\/posts"}],"about":[{"href":"https:\/\/blogs.correiobraziliense.com.br\/servidor\/wp-json\/wp\/v2\/types\/post"}],"author":[{"embeddable":true,"href":"https:\/\/blogs.correiobraziliense.com.br\/servidor\/wp-json\/wp\/v2\/users\/27"}],"replies":[{"embeddable":true,"href":"https:\/\/blogs.correiobraziliense.com.br\/servidor\/wp-json\/wp\/v2\/comments?post=4338"}],"version-history":[{"count":1,"href":"https:\/\/blogs.correiobraziliense.com.br\/servidor\/wp-json\/wp\/v2\/posts\/4338\/revisions"}],"predecessor-version":[{"id":4339,"href":"https:\/\/blogs.correiobraziliense.com.br\/servidor\/wp-json\/wp\/v2\/posts\/4338\/revisions\/4339"}],"wp:attachment":[{"href":"https:\/\/blogs.correiobraziliense.com.br\/servidor\/wp-json\/wp\/v2\/media?parent=4338"}],"wp:term":[{"taxonomy":"category","embeddable":true,"href":"https:\/\/blogs.correiobraziliense.com.br\/servidor\/wp-json\/wp\/v2\/categories?post=4338"},{"taxonomy":"post_tag","embeddable":true,"href":"https:\/\/blogs.correiobraziliense.com.br\/servidor\/wp-json\/wp\/v2\/tags?post=4338"}],"curies":[{"name":"wp","href":"https:\/\/api.w.org\/{rel}","templated":true}]}}