{"id":4309,"date":"2017-02-11T19:51:55","date_gmt":"2017-02-11T21:51:55","guid":{"rendered":"https:\/\/blogs.correiobraziliense.com.br\/servidor\/?p=4309"},"modified":"2017-02-11T19:51:55","modified_gmt":"2017-02-11T21:51:55","slug":"delegados-federais-solicitam-temer-mudanca-na-direcao-geral-da-policia-federal","status":"publish","type":"post","link":"https:\/\/blogs.correiobraziliense.com.br\/servidor\/delegados-federais-solicitam-temer-mudanca-na-direcao-geral-da-policia-federal\/","title":{"rendered":"Delegados federais solicitam a Temer mudan\u00e7a na dire\u00e7\u00e3o-geral da Pol\u00edcia Federal"},"content":{"rendered":"<p><em>Em of\u00edcio ao presidente da Rep\u00fablica, ADPF apresentou os tr\u00eas delegados federais eleitos pelos colegas para o posto. Veja a nota:<\/em><\/p>\n<p>&#8220;A Associa\u00e7\u00e3o Nacional dos Delegados de Pol\u00edcia Federal (ADPF) informa que nesta sexta-feira, dia 10 de fevereiro, os delegados de Pol\u00edcia Federal reunidos em Assembleia, em todo o Brasil, decidiram solicitar ao presidente da Rep\u00fablica Michel Temer a mudan\u00e7a na dire\u00e7\u00e3o-geral da Pol\u00edcia Federal e a indica\u00e7\u00e3o de novo diretor-geral. A decis\u00e3o teve a aprova\u00e7\u00e3o de 72% dos delegados e delegadas presentes.<\/p>\n<p>Os delegados da PF entendem que a atual dire\u00e7\u00e3o-geral n\u00e3o vem atendendo \u00e0s necessidades do \u00f3rg\u00e3o e que a sua constante omiss\u00e3o vem causando o enfraquecimento da institui\u00e7\u00e3o, pois n\u00e3o promove o apoio devido \u00e0queles que se dedicam \u00e0s grandes opera\u00e7\u00f5es, nem aos que est\u00e3o a cargo das investiga\u00e7\u00f5es rotineiras, resultando em um clima geral de insatisfa\u00e7\u00e3o e indigna\u00e7\u00e3o de centenas de delegados que dedicam suas vidas ao trabalho policial, t\u00e3o admirado por todos os brasileiros.<\/p>\n<p>Em raz\u00e3o da falta de apoio da dire\u00e7\u00e3o-geral da Pol\u00edcia Federal, diversos delegados federais que coordenavam opera\u00e7\u00f5es policiais foram deslocados para outras \u00e1reas e locais, devido ao esgotamento f\u00edsico, mental e operacional a que s\u00e3o submetidos. Registre-se que essa situa\u00e7\u00e3o de abandono institucional n\u00e3o ocorre em nenhuma outra institui\u00e7\u00e3o que participa diretamente das investiga\u00e7\u00f5es criminais, como o MPF e a Justi\u00e7a Federal.<\/p>\n<p>Diante deste tr\u00e1gico cen\u00e1rio, os delegados federais resolveram iniciar um movimento para a substitui\u00e7\u00e3o do diretor-geral da PF, sendo o primeiro ato o encaminhamento de um of\u00edcio ao presidente Michel Temer solicitando a mudan\u00e7a do diretor-geral da Pol\u00edcia Federal e apresentando o curr\u00edculo dos tr\u00eas delegados de Pol\u00edcia Federal, de classe especial, escolhidos pelos delegados para ocupar a dire\u00e7\u00e3o-geral da institui\u00e7\u00e3o.<\/p>\n<p>Confiamos na sensibilidade do presidente da Rep\u00fablica para avaliar essa preocupante situa\u00e7\u00e3o da Pol\u00edcia Federal com toda a aten\u00e7\u00e3o a fim de evitar preju\u00edzos irrepar\u00e1veis no futuro.&#8221;<\/p>\n","protected":false},"excerpt":{"rendered":"<p>Em of\u00edcio ao presidente da Rep\u00fablica, ADPF apresentou os tr\u00eas delegados federais eleitos pelos colegas para o posto. Veja a nota: &#8220;A Associa\u00e7\u00e3o Nacional dos Delegados de Pol\u00edcia Federal (ADPF) informa que nesta sexta-feira, dia 10 de fevereiro, os delegados de Pol\u00edcia Federal reunidos em Assembleia, em todo o Brasil, decidiram solicitar ao presidente da Rep\u00fablica Michel Temer a mudan\u00e7a [&hellip;]<\/p>\n","protected":false},"author":27,"featured_media":0,"comment_status":"open","ping_status":"closed","sticky":false,"template":"","format":"standard","meta":{"footnotes":""},"categories":[2719],"tags":[348,5005,5006,5008,2165,2474,91,5007,104,81],"class_list":["post-4309","post","type-post","status-publish","format-standard","hentry","category-servidor","tag-adpf","tag-direcao-geral","tag-diretor-geral","tag-enfraquecimento","tag-indicacao","tag-michel-temer","tag-mudanca","tag-omissao","tag-policia-federal","tag-presidente"],"_links":{"self":[{"href":"https:\/\/blogs.correiobraziliense.com.br\/servidor\/wp-json\/wp\/v2\/posts\/4309","targetHints":{"allow":["GET"]}}],"collection":[{"href":"https:\/\/blogs.correiobraziliense.com.br\/servidor\/wp-json\/wp\/v2\/posts"}],"about":[{"href":"https:\/\/blogs.correiobraziliense.com.br\/servidor\/wp-json\/wp\/v2\/types\/post"}],"author":[{"embeddable":true,"href":"https:\/\/blogs.correiobraziliense.com.br\/servidor\/wp-json\/wp\/v2\/users\/27"}],"replies":[{"embeddable":true,"href":"https:\/\/blogs.correiobraziliense.com.br\/servidor\/wp-json\/wp\/v2\/comments?post=4309"}],"version-history":[{"count":1,"href":"https:\/\/blogs.correiobraziliense.com.br\/servidor\/wp-json\/wp\/v2\/posts\/4309\/revisions"}],"predecessor-version":[{"id":4310,"href":"https:\/\/blogs.correiobraziliense.com.br\/servidor\/wp-json\/wp\/v2\/posts\/4309\/revisions\/4310"}],"wp:attachment":[{"href":"https:\/\/blogs.correiobraziliense.com.br\/servidor\/wp-json\/wp\/v2\/media?parent=4309"}],"wp:term":[{"taxonomy":"category","embeddable":true,"href":"https:\/\/blogs.correiobraziliense.com.br\/servidor\/wp-json\/wp\/v2\/categories?post=4309"},{"taxonomy":"post_tag","embeddable":true,"href":"https:\/\/blogs.correiobraziliense.com.br\/servidor\/wp-json\/wp\/v2\/tags?post=4309"}],"curies":[{"name":"wp","href":"https:\/\/api.w.org\/{rel}","templated":true}]}}