{"id":4305,"date":"2017-02-10T18:57:37","date_gmt":"2017-02-10T20:57:37","guid":{"rendered":"https:\/\/blogs.correiobraziliense.com.br\/servidor\/?p=4305"},"modified":"2017-02-10T18:57:37","modified_gmt":"2017-02-10T20:57:37","slug":"mec-adia-prazo-de-comprovacao-de-documentos-do-prouni-no-es","status":"publish","type":"post","link":"https:\/\/blogs.correiobraziliense.com.br\/servidor\/mec-adia-prazo-de-comprovacao-de-documentos-do-prouni-no-es\/","title":{"rendered":"MEC adia prazo de comprova\u00e7\u00e3o de documentos do Prouni no ES"},"content":{"rendered":"<p>Por meio de nota, o Minist\u00e9rio da Educa\u00e7\u00e3o (MEC) informou que, devido \u00e0 crise na seguran\u00e7a no estado Esp\u00edrito Santo e visando n\u00e3o prejudicar os candidatos daquele Estado, decidiu adiar o prazo para comprova\u00e7\u00e3o de documentos informados no ato de inscri\u00e7\u00e3o no Programa Universidade Para Todos (ProUni).<\/p>\n<p>&#8220;Assim, os candidatos pr\u00e9-selecionados para a bolsa em primeira chamada em Institui\u00e7\u00e3o de Ensino Superior (IES), no Esp\u00edrito Santo, ter\u00e3o at\u00e9 o dia 15 de fevereiro, quarta-feira, para comparecer \u00e0 respectiva IES e confirmar as informa\u00e7\u00f5es prestadas.\u00a0 Nos demais estados, o prazo ser\u00e1 mantido, encerrando-se no dia 13, segunda-feira. A lista de documentos pode ser consultada na p\u00e1gina do Minist\u00e9rio da Educa\u00e7\u00e3o no espa\u00e7o reservado ao Prouni.<\/p>\n<p><em>Assessoria de Comunica\u00e7\u00e3o Social&#8221;<\/em><\/p>\n","protected":false},"excerpt":{"rendered":"<p>Por meio de nota, o Minist\u00e9rio da Educa\u00e7\u00e3o (MEC) informou que, devido \u00e0 crise na seguran\u00e7a no estado Esp\u00edrito Santo e visando n\u00e3o prejudicar os candidatos daquele Estado, decidiu adiar o prazo para comprova\u00e7\u00e3o de documentos informados no ato de inscri\u00e7\u00e3o no Programa Universidade Para Todos (ProUni). &#8220;Assim, os candidatos pr\u00e9-selecionados para a bolsa em primeira chamada em Institui\u00e7\u00e3o de [&hellip;]<\/p>\n","protected":false},"author":27,"featured_media":0,"comment_status":"open","ping_status":"closed","sticky":false,"template":"","format":"standard","meta":{"footnotes":""},"categories":[2719],"tags":[5004,760,4975,5003,986,392,4880],"class_list":["post-4305","post","type-post","status-publish","format-standard","hentry","category-servidor","tag-comprovacao","tag-documentos","tag-es","tag-ies","tag-lista","tag-mec","tag-prouni"],"_links":{"self":[{"href":"https:\/\/blogs.correiobraziliense.com.br\/servidor\/wp-json\/wp\/v2\/posts\/4305","targetHints":{"allow":["GET"]}}],"collection":[{"href":"https:\/\/blogs.correiobraziliense.com.br\/servidor\/wp-json\/wp\/v2\/posts"}],"about":[{"href":"https:\/\/blogs.correiobraziliense.com.br\/servidor\/wp-json\/wp\/v2\/types\/post"}],"author":[{"embeddable":true,"href":"https:\/\/blogs.correiobraziliense.com.br\/servidor\/wp-json\/wp\/v2\/users\/27"}],"replies":[{"embeddable":true,"href":"https:\/\/blogs.correiobraziliense.com.br\/servidor\/wp-json\/wp\/v2\/comments?post=4305"}],"version-history":[{"count":2,"href":"https:\/\/blogs.correiobraziliense.com.br\/servidor\/wp-json\/wp\/v2\/posts\/4305\/revisions"}],"predecessor-version":[{"id":4307,"href":"https:\/\/blogs.correiobraziliense.com.br\/servidor\/wp-json\/wp\/v2\/posts\/4305\/revisions\/4307"}],"wp:attachment":[{"href":"https:\/\/blogs.correiobraziliense.com.br\/servidor\/wp-json\/wp\/v2\/media?parent=4305"}],"wp:term":[{"taxonomy":"category","embeddable":true,"href":"https:\/\/blogs.correiobraziliense.com.br\/servidor\/wp-json\/wp\/v2\/categories?post=4305"},{"taxonomy":"post_tag","embeddable":true,"href":"https:\/\/blogs.correiobraziliense.com.br\/servidor\/wp-json\/wp\/v2\/tags?post=4305"}],"curies":[{"name":"wp","href":"https:\/\/api.w.org\/{rel}","templated":true}]}}