{"id":4303,"date":"2017-02-10T18:46:27","date_gmt":"2017-02-10T20:46:27","guid":{"rendered":"https:\/\/blogs.correiobraziliense.com.br\/servidor\/?p=4303"},"modified":"2017-02-10T18:46:27","modified_gmt":"2017-02-10T20:46:27","slug":"anfip-divulga-calculadora-de-aposentadoria","status":"publish","type":"post","link":"https:\/\/blogs.correiobraziliense.com.br\/servidor\/anfip-divulga-calculadora-de-aposentadoria\/","title":{"rendered":"Anfip divulga calculadora de idade da aposentadoria"},"content":{"rendered":"<div class=\"descricao\">\n<p class=\"descriptive\">Para o trabalhador ter uma no\u00e7\u00e3o de como ser\u00e1 alterada a sua situa\u00e7\u00e3o e perspectiva de aposentadoria se a PEC 287\/16 (reforma da Previd\u00eancia) for aprovada, da forma como foi enviada ao Congresso Nacional, a Associa\u00e7\u00e3o Nacional dos Auditores Fiscais da Receita Federal (Anfip) criou a &#8220;Calculadora de Idade da Aposentadoria&#8221;.<\/p>\n<p class=\"descriptive\">A proposta de reforma da Previd\u00eancia, prevista na PEC 287\/16, que tramita no Congresso Nacional, traz grandes mudan\u00e7as nos direitos previdenci\u00e1rios de todos os trabalhadores, tanto da iniciativa privada quanto do servi\u00e7o p\u00fablico, homens ou mulheres.<\/p>\n<p><b>Observa\u00e7\u00f5es:<\/b><\/p>\n<p class=\"foot-note\">Se aprovada, a nova regra para aposentadoria valer\u00e1 para mulheres de at\u00e9 45 anos e homens com idade at\u00e9 50. Os contribuintes que se encontram acima dessa faixa et\u00e1ria ficar\u00e3o sujeitos a normas especiais de transi\u00e7\u00e3o. Para esses casos, o sistema n\u00e3o faz o c\u00e1lculo.<\/p>\n<p class=\"foot-note\">O resultado do c\u00e1lculo, considerando a legisla\u00e7\u00e3o atual, n\u00e3o \u00e9 v\u00e1lido para quem tem aposentadoria especial (professores, policiais, trabalhadores rurais e profissionais que recebem adicional de insalubridade ou de periculosidade).<\/p>\n<p class=\"foot-note\">O c\u00e1lculo das duas regras n\u00e3o \u00e9 v\u00e1lido para militares, que n\u00e3o est\u00e3o inclu\u00eddos na PEC 287\/16<\/p>\n<p class=\"foot-note\">Para valer essa regra, o servidor tem que cumprir 20 anos de efetivo exerc\u00edcio no servi\u00e7o p\u00fablico, dentre eles cinco anos no cargo em que vai se aposentar.<\/p>\n<\/div>\n","protected":false},"excerpt":{"rendered":"<p>Para o trabalhador ter uma no\u00e7\u00e3o de como ser\u00e1 alterada a sua situa\u00e7\u00e3o e perspectiva de aposentadoria se a PEC 287\/16 (reforma da Previd\u00eancia) for aprovada, da forma como foi enviada ao Congresso Nacional, a Associa\u00e7\u00e3o Nacional dos Auditores Fiscais da Receita Federal (Anfip) criou a &#8220;Calculadora de Idade da Aposentadoria&#8221;. A proposta de reforma da Previd\u00eancia, prevista na PEC [&hellip;]<\/p>\n","protected":false},"author":27,"featured_media":0,"comment_status":"open","ping_status":"closed","sticky":false,"template":"","format":"standard","meta":{"footnotes":""},"categories":[2719],"tags":[771,6,5002,100,2054,4830,549,711,361],"class_list":["post-4303","post","type-post","status-publish","format-standard","hentry","category-servidor","tag-anfip","tag-aposentadoria","tag-calculadora","tag-congresso","tag-idade","tag-pec-28716","tag-previdencia","tag-reforma","tag-regra"],"_links":{"self":[{"href":"https:\/\/blogs.correiobraziliense.com.br\/servidor\/wp-json\/wp\/v2\/posts\/4303","targetHints":{"allow":["GET"]}}],"collection":[{"href":"https:\/\/blogs.correiobraziliense.com.br\/servidor\/wp-json\/wp\/v2\/posts"}],"about":[{"href":"https:\/\/blogs.correiobraziliense.com.br\/servidor\/wp-json\/wp\/v2\/types\/post"}],"author":[{"embeddable":true,"href":"https:\/\/blogs.correiobraziliense.com.br\/servidor\/wp-json\/wp\/v2\/users\/27"}],"replies":[{"embeddable":true,"href":"https:\/\/blogs.correiobraziliense.com.br\/servidor\/wp-json\/wp\/v2\/comments?post=4303"}],"version-history":[{"count":1,"href":"https:\/\/blogs.correiobraziliense.com.br\/servidor\/wp-json\/wp\/v2\/posts\/4303\/revisions"}],"predecessor-version":[{"id":4304,"href":"https:\/\/blogs.correiobraziliense.com.br\/servidor\/wp-json\/wp\/v2\/posts\/4303\/revisions\/4304"}],"wp:attachment":[{"href":"https:\/\/blogs.correiobraziliense.com.br\/servidor\/wp-json\/wp\/v2\/media?parent=4303"}],"wp:term":[{"taxonomy":"category","embeddable":true,"href":"https:\/\/blogs.correiobraziliense.com.br\/servidor\/wp-json\/wp\/v2\/categories?post=4303"},{"taxonomy":"post_tag","embeddable":true,"href":"https:\/\/blogs.correiobraziliense.com.br\/servidor\/wp-json\/wp\/v2\/tags?post=4303"}],"curies":[{"name":"wp","href":"https:\/\/api.w.org\/{rel}","templated":true}]}}