{"id":4299,"date":"2017-02-10T15:51:36","date_gmt":"2017-02-10T17:51:36","guid":{"rendered":"https:\/\/blogs.correiobraziliense.com.br\/servidor\/?p=4299"},"modified":"2017-02-10T15:51:36","modified_gmt":"2017-02-10T17:51:36","slug":"tesouro-nacional-seminario-sobre-avaliacao-da-qualidade-do-gasto-publico-na-terca-feira-14","status":"publish","type":"post","link":"https:\/\/blogs.correiobraziliense.com.br\/servidor\/tesouro-nacional-seminario-sobre-avaliacao-da-qualidade-do-gasto-publico-na-terca-feira-14\/","title":{"rendered":"Tesouro Nacional- semin\u00e1rio sobre avalia\u00e7\u00e3o da qualidade do gasto p\u00fablico na ter\u00e7a-feira (14)"},"content":{"rendered":"<p><em>A secret\u00e1ria Ana Paula Vescovi abrir\u00e1 o evento \u00e0s 9h30, na Esaf; iniciativa tem parceria da FGV, PNUD e Fundo de Prosperidade do Reino Unido <\/em><\/p>\n<p>A Secretaria do Tesouro Nacional (STN) realiza, no dia 14 de fevereiro, o semin\u00e1rio <em>Instrumentos para avalia\u00e7\u00e3o da qualidade de gastos p\u00fablicos<\/em>. As inscri\u00e7\u00f5es para o evento, gratuitas, podem ser feitas no <a href=\"http:\/\/www.tesouro.gov.br\/pt\/-\/seminario-avaliacao-da-qualidade-dos-gastos-publicos-\">site da institui\u00e7\u00e3o<\/a>.<\/p>\n<p>O semin\u00e1rio faz parte de iniciativas do Tesouro Nacional com o objetivo disseminar a cultura de elabora\u00e7\u00e3o de pol\u00edticas p\u00fablicas e decis\u00f5es or\u00e7ament\u00e1rias com base em evid\u00eancias e orientadas a resultados.<\/p>\n<p>O evento apresentar\u00e1 experi\u00eancias sobre avalia\u00e7\u00e3o de programas, bem como os instrumentos utilizados para isso, e ter\u00e1 a participa\u00e7\u00e3o de importantes especialistas internacionais e de representantes dos governos federal e estaduais (<a href=\"http:\/\/www.tesouro.gov.br\/documents\/10180\/318974\/CESEF_Seminario_Gaso_Publico_Programa\/c8a2cdbe-e00e-48a5-ae9a-a89561c069bf\">programa\u00e7\u00e3o<\/a>).<\/p>\n<p>Nos dias 15 e 16 de fevereiro, haver\u00e1 pain\u00e9is t\u00e9cnicos aprofundando os temas do semin\u00e1rio, como orienta\u00e7\u00e3o da experi\u00eancia internacional e nacional em sistemas de avalia\u00e7\u00e3o, seus instrumentos e impactos sobre a execu\u00e7\u00e3o or\u00e7ament\u00e1ria dos governos.<\/p>\n<p>O semin\u00e1rio <em>Instrumentos para avalia\u00e7\u00e3o da qualidade de gastos<\/em> p\u00fablicos ocorrer\u00e1 na Escola de Administra\u00e7\u00e3o Fazend\u00e1ria do Minist\u00e9rio da Fazenda (ESAF),\u00a0em\u00a0Bras\u00edlia, e contar\u00e1 com a parceria da Funda\u00e7\u00e3o Get\u00falio Vargas &#8211; FGV\/CLEAR, do Fundo de Prosperidade do Reino Unido e do Programa das Na\u00e7\u00f5es Unidas para o Desenvolvimento\u00a0(PNUD).<\/p>\n<p>&nbsp;<\/p>\n<p>&nbsp;<\/p>\n<p>&nbsp;<\/p>\n<p>&nbsp;<\/p>\n<p>&nbsp;<\/p>\n","protected":false},"excerpt":{"rendered":"<p>A secret\u00e1ria Ana Paula Vescovi abrir\u00e1 o evento \u00e0s 9h30, na Esaf; iniciativa tem parceria da FGV, PNUD e Fundo de Prosperidade do Reino Unido A Secretaria do Tesouro Nacional (STN) realiza, no dia 14 de fevereiro, o semin\u00e1rio Instrumentos para avalia\u00e7\u00e3o da qualidade de gastos p\u00fablicos. As inscri\u00e7\u00f5es para o evento, gratuitas, podem ser feitas no site da institui\u00e7\u00e3o. [&hellip;]<\/p>\n","protected":false},"author":27,"featured_media":0,"comment_status":"open","ping_status":"closed","sticky":false,"template":"","format":"standard","meta":{"footnotes":""},"categories":[2719],"tags":[863,1635,241,787,267,964],"class_list":["post-4299","post","type-post","status-publish","format-standard","hentry","category-servidor","tag-avaliacao","tag-gasto","tag-publico","tag-qualidade","tag-seminario","tag-tesouro"],"_links":{"self":[{"href":"https:\/\/blogs.correiobraziliense.com.br\/servidor\/wp-json\/wp\/v2\/posts\/4299","targetHints":{"allow":["GET"]}}],"collection":[{"href":"https:\/\/blogs.correiobraziliense.com.br\/servidor\/wp-json\/wp\/v2\/posts"}],"about":[{"href":"https:\/\/blogs.correiobraziliense.com.br\/servidor\/wp-json\/wp\/v2\/types\/post"}],"author":[{"embeddable":true,"href":"https:\/\/blogs.correiobraziliense.com.br\/servidor\/wp-json\/wp\/v2\/users\/27"}],"replies":[{"embeddable":true,"href":"https:\/\/blogs.correiobraziliense.com.br\/servidor\/wp-json\/wp\/v2\/comments?post=4299"}],"version-history":[{"count":1,"href":"https:\/\/blogs.correiobraziliense.com.br\/servidor\/wp-json\/wp\/v2\/posts\/4299\/revisions"}],"predecessor-version":[{"id":4300,"href":"https:\/\/blogs.correiobraziliense.com.br\/servidor\/wp-json\/wp\/v2\/posts\/4299\/revisions\/4300"}],"wp:attachment":[{"href":"https:\/\/blogs.correiobraziliense.com.br\/servidor\/wp-json\/wp\/v2\/media?parent=4299"}],"wp:term":[{"taxonomy":"category","embeddable":true,"href":"https:\/\/blogs.correiobraziliense.com.br\/servidor\/wp-json\/wp\/v2\/categories?post=4299"},{"taxonomy":"post_tag","embeddable":true,"href":"https:\/\/blogs.correiobraziliense.com.br\/servidor\/wp-json\/wp\/v2\/tags?post=4299"}],"curies":[{"name":"wp","href":"https:\/\/api.w.org\/{rel}","templated":true}]}}