{"id":4295,"date":"2017-02-10T13:15:00","date_gmt":"2017-02-10T15:15:00","guid":{"rendered":"https:\/\/blogs.correiobraziliense.com.br\/servidor\/?p=4295"},"modified":"2017-02-10T13:15:00","modified_gmt":"2017-02-10T15:15:00","slug":"hamilton-dias-de-souza-nao-foi-denunciado-pelo-mpf","status":"publish","type":"post","link":"https:\/\/blogs.correiobraziliense.com.br\/servidor\/hamilton-dias-de-souza-nao-foi-denunciado-pelo-mpf\/","title":{"rendered":"Hamilton Dias de Souza n\u00e3o foi denunciado pelo MPF"},"content":{"rendered":"<p>Por meio de nota, a assessoria de imprensa do advogado\u00a0Hamilton Dias de Souza informa que, nas p\u00e1ginas 63 e 64, n\u00e3o consta o nome dele e nem lhe foi imputado crime.<\/p>\n<p>Veja a nota:<\/p>\n<p>O advogado Hamilton Dias de Souza n\u00e3o foi alvo de den\u00fancia do Minist\u00e9rio P\u00fablico Federal na Opera\u00e7\u00e3o Zelotes. Embora o nome do advogado tenha sido mencionado, o MPF n\u00e3o apresentou den\u00fancia contra ele.<\/p>\n<p>Assessoria de Imprensa do advogado Hamilton Dias de Souza<\/p>\n<p>&nbsp;<\/p>\n<p>&nbsp;<\/p>\n<p>&nbsp;<\/p>\n<p>&nbsp;<\/p>\n","protected":false},"excerpt":{"rendered":"<p>Por meio de nota, a assessoria de imprensa do advogado\u00a0Hamilton Dias de Souza informa que, nas p\u00e1ginas 63 e 64, n\u00e3o consta o nome dele e nem lhe foi imputado crime. Veja a nota: O advogado Hamilton Dias de Souza n\u00e3o foi alvo de den\u00fancia do Minist\u00e9rio P\u00fablico Federal na Opera\u00e7\u00e3o Zelotes. Embora o nome do advogado tenha sido mencionado, [&hellip;]<\/p>\n","protected":false},"author":27,"featured_media":0,"comment_status":"open","ping_status":"closed","sticky":false,"template":"","format":"standard","meta":{"footnotes":""},"categories":[2719],"tags":[4998,453,727],"class_list":["post-4295","post","type-post","status-publish","format-standard","hentry","category-servidor","tag-hamilton-dias-de-souza","tag-mpf","tag-operacao-zelotes"],"_links":{"self":[{"href":"https:\/\/blogs.correiobraziliense.com.br\/servidor\/wp-json\/wp\/v2\/posts\/4295","targetHints":{"allow":["GET"]}}],"collection":[{"href":"https:\/\/blogs.correiobraziliense.com.br\/servidor\/wp-json\/wp\/v2\/posts"}],"about":[{"href":"https:\/\/blogs.correiobraziliense.com.br\/servidor\/wp-json\/wp\/v2\/types\/post"}],"author":[{"embeddable":true,"href":"https:\/\/blogs.correiobraziliense.com.br\/servidor\/wp-json\/wp\/v2\/users\/27"}],"replies":[{"embeddable":true,"href":"https:\/\/blogs.correiobraziliense.com.br\/servidor\/wp-json\/wp\/v2\/comments?post=4295"}],"version-history":[{"count":1,"href":"https:\/\/blogs.correiobraziliense.com.br\/servidor\/wp-json\/wp\/v2\/posts\/4295\/revisions"}],"predecessor-version":[{"id":4296,"href":"https:\/\/blogs.correiobraziliense.com.br\/servidor\/wp-json\/wp\/v2\/posts\/4295\/revisions\/4296"}],"wp:attachment":[{"href":"https:\/\/blogs.correiobraziliense.com.br\/servidor\/wp-json\/wp\/v2\/media?parent=4295"}],"wp:term":[{"taxonomy":"category","embeddable":true,"href":"https:\/\/blogs.correiobraziliense.com.br\/servidor\/wp-json\/wp\/v2\/categories?post=4295"},{"taxonomy":"post_tag","embeddable":true,"href":"https:\/\/blogs.correiobraziliense.com.br\/servidor\/wp-json\/wp\/v2\/tags?post=4295"}],"curies":[{"name":"wp","href":"https:\/\/api.w.org\/{rel}","templated":true}]}}