{"id":4279,"date":"2017-02-09T11:55:58","date_gmt":"2017-02-09T13:55:58","guid":{"rendered":"https:\/\/blogs.correiobraziliense.com.br\/servidor\/?p=4279"},"modified":"2017-02-09T11:55:58","modified_gmt":"2017-02-09T13:55:58","slug":"anfip-treina-tropa-de-choque-para-combater-reforma-da-previdencia","status":"publish","type":"post","link":"https:\/\/blogs.correiobraziliense.com.br\/servidor\/anfip-treina-tropa-de-choque-para-combater-reforma-da-previdencia\/","title":{"rendered":"Anfip treina &#8220;tropa de choque&#8221; para combater reforma da Previd\u00eancia"},"content":{"rendered":"<p>A Associa\u00e7\u00e3o Nacional dos Auditores Fiscais da Receita Federal do Brasil (Anfip) re\u00fane auditores da Receita, do Banco Central, dos estados e Procuradores Federais para o combate \u00e0 reforma da Previd\u00eancia, apresentada pelo atual governo por meio da Proposta de Emenda \u00e0 Constitui\u00e7\u00e3o (PEC) 287\/16. O workshop \u201cMultiplicadores sobre a Reforma da Previd\u00eancia Social\u201d ser\u00e1 nos dias 17 e 18 de fevereiro, em Bras\u00edlia.<\/p>\n<p>Esta \u00e9 a primeira turma de um programa que tem o objetivo de compartilhar conhecimentos sobre a Seguridade Social e todos os detalhes legais relacionados ao trip\u00e9 respons\u00e1vel pelos maiores programas de prote\u00e7\u00e3o social do pa\u00eds nas \u00e1reas de Previd\u00eancia Social, Assist\u00eancia Social e Sa\u00fade. O foco deste trabalho \u00e9 formar multiplicadores capazes de levar ao conhecimento p\u00fablico a realidade da Previd\u00eancia e de ampliar o debate social sobre as mudan\u00e7as constitucionais previstas na reforma.<\/p>\n<p><b>Servi\u00e7o<\/b>: Workshop \u201cMultiplicadores sobre a Reforma da Previd\u00eancia Social\u201d<\/p>\n<p><b>Realiza\u00e7\u00e3o<\/b>: Anfip &#8211; Associa\u00e7\u00e3o Nacional dos Auditores Fiscais da Receita Federal do Brasil<\/p>\n<p><b>Data<\/b>: 17 e 18 de fevereiro<\/p>\n<p><b>Local<\/b>: Hotel Manhattan Plaza (SHN, Quadra 2, Bloco A, Sala Brooklin &#8211; Bras\u00edlia-DF)<\/p>\n<p><b>Contato<\/b>: (61) 3251-8128\/8129 &#8211; <a href=\"mailto:comunicacao@anfip.org.br\" target=\"_blank\">comunicacao@anfip.org.br<\/a><\/p>\n<p><b>Programa\u00e7\u00e3o (ou clique <a href=\"http:\/\/d-click.anfip.org.br\/u\/16973\/937\/12646\/4608_0\/3ac48\/?url=http%3A%2F%2Fwww.anfip.org.br%2Fdoc%2Fpublicacoes%2FDocumentos_09_02_2017_08_47_10.pdf\" target=\"_blank\">aqui<\/a><\/b><strong>):<\/strong><\/p>\n<p><strong>17 de fevereiro de 2017 (sexta-feira)<\/strong><\/p>\n<p>9 horas &#8211; Abertura<\/p>\n<p>10 horas &#8211; Apresenta\u00e7\u00e3o inicial<\/p>\n<p>\u2022 Eduardo Fagnani &#8211; Unicamp<\/p>\n<p>\u2022 Denise Gentil \u2013 UFRJ<\/p>\n<p>\u2022 Cl\u00f3vis Scherer \u2013 Dieese<\/p>\n<p>14 horas &#8211; An\u00e1lise t\u00e9cnico pol\u00edtica da PEC 287\/2016<\/p>\n<p>\u2022 Antonio Augusto de Queiroz &#8211; <span class=\"il\">DIAP<\/span><\/p>\n<p>\u2022 Luiz Alberto dos Santos \u2013 Senado<\/p>\n<p>&nbsp;<\/p>\n<p><strong>18 de fevereiro de 2017 (s\u00e1bado)<\/strong><\/p>\n<p>9 horas &#8211; A previd\u00eancia rural na proposta de reforma<\/p>\n<p>\u2022 Jane Berwanger (IBDP)<\/p>\n<p>10 horas &#8211; T\u00e9cnicas de orat\u00f3ria, postura, entona\u00e7\u00e3o, oralidade, prepara\u00e7\u00e3o para contatos com a imprensa<\/p>\n<p>\u2022 Jane Berwanger (IBDP)<\/p>\n<p>14 horas \u2013 An\u00e1lise da Seguridade Social<\/p>\n<p>\u2022 Anfip<\/p>\n<p>16 horas \u2013 Trabalho Conjunto \u2013 Finaliza\u00e7\u00e3o dos slides e nivelamento<\/p>\n<p>17 horas &#8211; Encerramento<\/p>\n","protected":false},"excerpt":{"rendered":"<p>A Associa\u00e7\u00e3o Nacional dos Auditores Fiscais da Receita Federal do Brasil (Anfip) re\u00fane auditores da Receita, do Banco Central, dos estados e Procuradores Federais para o combate \u00e0 reforma da Previd\u00eancia, apresentada pelo atual governo por meio da Proposta de Emenda \u00e0 Constitui\u00e7\u00e3o (PEC) 287\/16. O workshop \u201cMultiplicadores sobre a Reforma da Previd\u00eancia Social\u201d ser\u00e1 nos dias 17 e 18 [&hellip;]<\/p>\n","protected":false},"author":27,"featured_media":0,"comment_status":"open","ping_status":"closed","sticky":false,"template":"","format":"standard","meta":{"footnotes":""},"categories":[2719],"tags":[771,31,1236,4987,4188,4830,549,294,711,4986],"class_list":["post-4279","post","type-post","status-publish","format-standard","hentry","category-servidor","tag-anfip","tag-auditores","tag-banco-central","tag-choque","tag-combater","tag-pec-28716","tag-previdencia","tag-receita-federal","tag-reforma","tag-tropa"],"_links":{"self":[{"href":"https:\/\/blogs.correiobraziliense.com.br\/servidor\/wp-json\/wp\/v2\/posts\/4279","targetHints":{"allow":["GET"]}}],"collection":[{"href":"https:\/\/blogs.correiobraziliense.com.br\/servidor\/wp-json\/wp\/v2\/posts"}],"about":[{"href":"https:\/\/blogs.correiobraziliense.com.br\/servidor\/wp-json\/wp\/v2\/types\/post"}],"author":[{"embeddable":true,"href":"https:\/\/blogs.correiobraziliense.com.br\/servidor\/wp-json\/wp\/v2\/users\/27"}],"replies":[{"embeddable":true,"href":"https:\/\/blogs.correiobraziliense.com.br\/servidor\/wp-json\/wp\/v2\/comments?post=4279"}],"version-history":[{"count":1,"href":"https:\/\/blogs.correiobraziliense.com.br\/servidor\/wp-json\/wp\/v2\/posts\/4279\/revisions"}],"predecessor-version":[{"id":4280,"href":"https:\/\/blogs.correiobraziliense.com.br\/servidor\/wp-json\/wp\/v2\/posts\/4279\/revisions\/4280"}],"wp:attachment":[{"href":"https:\/\/blogs.correiobraziliense.com.br\/servidor\/wp-json\/wp\/v2\/media?parent=4279"}],"wp:term":[{"taxonomy":"category","embeddable":true,"href":"https:\/\/blogs.correiobraziliense.com.br\/servidor\/wp-json\/wp\/v2\/categories?post=4279"},{"taxonomy":"post_tag","embeddable":true,"href":"https:\/\/blogs.correiobraziliense.com.br\/servidor\/wp-json\/wp\/v2\/tags?post=4279"}],"curies":[{"name":"wp","href":"https:\/\/api.w.org\/{rel}","templated":true}]}}