{"id":4274,"date":"2017-02-08T18:37:33","date_gmt":"2017-02-08T20:37:33","guid":{"rendered":"https:\/\/blogs.correiobraziliense.com.br\/servidor\/?p=4274"},"modified":"2017-02-08T18:37:33","modified_gmt":"2017-02-08T20:37:33","slug":"justica-obriga-restabelecimento-de-plano-de-saude-consumidora-inadimplente","status":"publish","type":"post","link":"https:\/\/blogs.correiobraziliense.com.br\/servidor\/justica-obriga-restabelecimento-de-plano-de-saude-consumidora-inadimplente\/","title":{"rendered":"Justi\u00e7a obriga restabelecimento de plano de sa\u00fade a consumidora inadimplente"},"content":{"rendered":"<p><span class=\"m_-1400043141889071215m_-7374695911360467766m_-1435343031546356852m_7860933685689788827m_8246764760954126786m_1806551154918817060gmail-m_-1535737877255116521m_5466286285105707869gmail-im\"><span style=\"color: #000000\"><i>Amil n\u00e3o teria comunicado cliente conforme determina a legisla\u00e7\u00e3o<\/i><\/span><\/span><\/p>\n<p>Operadoras de plano de sa\u00fade n\u00e3o podem rescindir contrato sem a devida comunica\u00e7\u00e3o ao cliente. Por causa disto, a empresa Amil ter\u00e1 de retomar a presta\u00e7\u00e3o de servi\u00e7os a uma consumidora que estava inadimplente. O Tribunal de Justi\u00e7a do Estado de S\u00e3o Paulo expediu hoje (08\/02) liminar em favor da consumidora, conforme decis\u00e3o da ju\u00edza Paula Lopes Gomes.<\/p>\n<p>O advogado respons\u00e1vel pela a\u00e7\u00e3o Mike Carvalho, do escrit\u00f3rio Chenut Oliveira Santiago Sociedade de Advogados, explica que a operadora n\u00e3o agiu em conformidade com a lei 9.656\/98, que regula as atividades dos planos de sa\u00fade. \u201cA\u00a0jurisprud\u00eancia firmou o entendimento\u00a0que a suspens\u00e3o ou rescis\u00e3o, em casos de n\u00e3o-pagamento, s\u00f3 pode ocorrer se houver uma notifica\u00e7\u00e3o clara,\u00a0formal\u00a0e tempestiva\u00a0ao consumidor.\u00a0 O que de fato n\u00e3o houve\u201d, ressalta. Caso n\u00e3o atenda a decis\u00e3o, a\u00a0Amil dever\u00e1 arcar com uma\u00a0multa di\u00e1ria\u00a0no valor de\u00a0R$ 300,00\u00a0(trezentos reais).<\/p>\n<p>Segundo o Dr.\u00a0Mike,\u00a0a lei 9656\/1998, em seu artigo 13, inciso II define que a suspens\u00e3o ou a rescis\u00e3o unilateral do contrato, salvo por fraude ou n\u00e3o-pagamento da mensalidade por per\u00edodo superior a sessenta dias, consecutivos ou n\u00e3o, nos \u00faltimos doze meses de vig\u00eancia do contrato, desde que o consumidor seja comprovadamente notificado at\u00e9 o quinquag\u00e9simo dia de inadimpl\u00eancia. &#8220;Mas em nenhum momento a cliente recebeu esta comunica\u00e7\u00e3o, apenas teve seu plano cancelado dia 1\u00ba de setembro. Al\u00e9m disso, os valores em aberto foram\u00a0devidamente depositados em ju\u00edzo&#8221;, conta.<\/p>\n","protected":false},"excerpt":{"rendered":"<p>Amil n\u00e3o teria comunicado cliente conforme determina a legisla\u00e7\u00e3o Operadoras de plano de sa\u00fade n\u00e3o podem rescindir contrato sem a devida comunica\u00e7\u00e3o ao cliente. Por causa disto, a empresa Amil ter\u00e1 de retomar a presta\u00e7\u00e3o de servi\u00e7os a uma consumidora que estava inadimplente. O Tribunal de Justi\u00e7a do Estado de S\u00e3o Paulo expediu hoje (08\/02) liminar em favor da consumidora, [&hellip;]<\/p>\n","protected":false},"author":27,"featured_media":0,"comment_status":"open","ping_status":"closed","sticky":false,"template":"","format":"standard","meta":{"footnotes":""},"categories":[2719],"tags":[4981,3847,4984,4983,4982,260,2092,4947,2317,3003,4985],"class_list":["post-4274","post","type-post","status-publish","format-standard","hentry","category-servidor","tag-amil","tag-cliente","tag-comunicado","tag-consumidora","tag-inadimplente","tag-justica","tag-legislacao","tag-notificacao","tag-plano-de-saude","tag-rescisao","tag-supensao"],"_links":{"self":[{"href":"https:\/\/blogs.correiobraziliense.com.br\/servidor\/wp-json\/wp\/v2\/posts\/4274","targetHints":{"allow":["GET"]}}],"collection":[{"href":"https:\/\/blogs.correiobraziliense.com.br\/servidor\/wp-json\/wp\/v2\/posts"}],"about":[{"href":"https:\/\/blogs.correiobraziliense.com.br\/servidor\/wp-json\/wp\/v2\/types\/post"}],"author":[{"embeddable":true,"href":"https:\/\/blogs.correiobraziliense.com.br\/servidor\/wp-json\/wp\/v2\/users\/27"}],"replies":[{"embeddable":true,"href":"https:\/\/blogs.correiobraziliense.com.br\/servidor\/wp-json\/wp\/v2\/comments?post=4274"}],"version-history":[{"count":1,"href":"https:\/\/blogs.correiobraziliense.com.br\/servidor\/wp-json\/wp\/v2\/posts\/4274\/revisions"}],"predecessor-version":[{"id":4275,"href":"https:\/\/blogs.correiobraziliense.com.br\/servidor\/wp-json\/wp\/v2\/posts\/4274\/revisions\/4275"}],"wp:attachment":[{"href":"https:\/\/blogs.correiobraziliense.com.br\/servidor\/wp-json\/wp\/v2\/media?parent=4274"}],"wp:term":[{"taxonomy":"category","embeddable":true,"href":"https:\/\/blogs.correiobraziliense.com.br\/servidor\/wp-json\/wp\/v2\/categories?post=4274"},{"taxonomy":"post_tag","embeddable":true,"href":"https:\/\/blogs.correiobraziliense.com.br\/servidor\/wp-json\/wp\/v2\/tags?post=4274"}],"curies":[{"name":"wp","href":"https:\/\/api.w.org\/{rel}","templated":true}]}}