{"id":4253,"date":"2017-02-07T13:49:26","date_gmt":"2017-02-07T15:49:26","guid":{"rendered":"https:\/\/blogs.correiobraziliense.com.br\/servidor\/?p=4253"},"modified":"2017-02-07T13:49:26","modified_gmt":"2017-02-07T15:49:26","slug":"nota-publica-indicacao-de-alexandre-de-moraes-para-o-supremo-tribunal-federal","status":"publish","type":"post","link":"https:\/\/blogs.correiobraziliense.com.br\/servidor\/nota-publica-indicacao-de-alexandre-de-moraes-para-o-supremo-tribunal-federal\/","title":{"rendered":"Nota P\u00fablica &#8211;  Indica\u00e7\u00e3o de Alexandre de Moraes para o Supremo Tribunal Federal"},"content":{"rendered":"<p>A Associa\u00e7\u00e3o Nacional dos Procuradores da Rep\u00fablica (ANPR) vem a p\u00fablico congratular Alexandre de Moraes, indicado ontem, 6, pelo presidente da Rep\u00fablica, Michel Temer, para ocupar a vaga deixada por Teori Zavascki, no Supremo Tribunal Federal (STF).<\/p>\n<p>Jurista de not\u00e1vel saber jur\u00eddico, com passagem de mais de uma d\u00e9cada pelo Minist\u00e9rio P\u00fablico do Estado de S\u00e3o Paulo, Alexandre de Moraes intermediou discuss\u00f5es importantes para o pa\u00eds durante o per\u00edodo em que esteve \u00e0 frente do Minist\u00e9rio da Justi\u00e7a.<\/p>\n<p>Em meio aos desdobramentos de investiga\u00e7\u00f5es extensas voltadas para o combate \u00e0 corrup\u00e7\u00e3o, como a Opera\u00e7\u00e3o Lava Jato, confia-se que a experi\u00eancia profissional e acad\u00eamica de Alexandre de Moraes se traduza no fiel cumprimento de suas atribui\u00e7\u00f5es na mais alta Corte Brasileira.<\/p>\n<p><strong>Jos\u00e9 Robalinho Cavalcanti<\/strong><\/p>\n<p>Procurador Regional da Rep\u00fablica<\/p>\n<p>Presidente da ANPR<\/p>\n","protected":false},"excerpt":{"rendered":"<p>A Associa\u00e7\u00e3o Nacional dos Procuradores da Rep\u00fablica (ANPR) vem a p\u00fablico congratular Alexandre de Moraes, indicado ontem, 6, pelo presidente da Rep\u00fablica, Michel Temer, para ocupar a vaga deixada por Teori Zavascki, no Supremo Tribunal Federal (STF). Jurista de not\u00e1vel saber jur\u00eddico, com passagem de mais de uma d\u00e9cada pelo Minist\u00e9rio P\u00fablico do Estado de S\u00e3o Paulo, Alexandre de Moraes [&hellip;]<\/p>\n","protected":false},"author":27,"featured_media":0,"comment_status":"open","ping_status":"closed","sticky":false,"template":"","format":"standard","meta":{"footnotes":""},"categories":[2719],"tags":[4960,4959,2165,34],"class_list":["post-4253","post","type-post","status-publish","format-standard","hentry","category-servidor","tag-alexandre-de-moraes","tag-anpr","tag-indicacao","tag-stf"],"_links":{"self":[{"href":"https:\/\/blogs.correiobraziliense.com.br\/servidor\/wp-json\/wp\/v2\/posts\/4253","targetHints":{"allow":["GET"]}}],"collection":[{"href":"https:\/\/blogs.correiobraziliense.com.br\/servidor\/wp-json\/wp\/v2\/posts"}],"about":[{"href":"https:\/\/blogs.correiobraziliense.com.br\/servidor\/wp-json\/wp\/v2\/types\/post"}],"author":[{"embeddable":true,"href":"https:\/\/blogs.correiobraziliense.com.br\/servidor\/wp-json\/wp\/v2\/users\/27"}],"replies":[{"embeddable":true,"href":"https:\/\/blogs.correiobraziliense.com.br\/servidor\/wp-json\/wp\/v2\/comments?post=4253"}],"version-history":[{"count":1,"href":"https:\/\/blogs.correiobraziliense.com.br\/servidor\/wp-json\/wp\/v2\/posts\/4253\/revisions"}],"predecessor-version":[{"id":4254,"href":"https:\/\/blogs.correiobraziliense.com.br\/servidor\/wp-json\/wp\/v2\/posts\/4253\/revisions\/4254"}],"wp:attachment":[{"href":"https:\/\/blogs.correiobraziliense.com.br\/servidor\/wp-json\/wp\/v2\/media?parent=4253"}],"wp:term":[{"taxonomy":"category","embeddable":true,"href":"https:\/\/blogs.correiobraziliense.com.br\/servidor\/wp-json\/wp\/v2\/categories?post=4253"},{"taxonomy":"post_tag","embeddable":true,"href":"https:\/\/blogs.correiobraziliense.com.br\/servidor\/wp-json\/wp\/v2\/tags?post=4253"}],"curies":[{"name":"wp","href":"https:\/\/api.w.org\/{rel}","templated":true}]}}