{"id":4243,"date":"2017-02-06T18:15:34","date_gmt":"2017-02-06T20:15:34","guid":{"rendered":"https:\/\/blogs.correiobraziliense.com.br\/servidor\/?p=4243"},"modified":"2017-02-06T18:15:34","modified_gmt":"2017-02-06T20:15:34","slug":"cnj-retomara-sessoes-plenarias-apos-recesso","status":"publish","type":"post","link":"https:\/\/blogs.correiobraziliense.com.br\/servidor\/cnj-retomara-sessoes-plenarias-apos-recesso\/","title":{"rendered":"CNJ retomar\u00e1 sess\u00f5es plen\u00e1rias ap\u00f3s recesso"},"content":{"rendered":"<p>Conselho Nacional de Justi\u00e7a (CNJ) far\u00e1 nesta ter\u00e7a-feira (7), a partir das 9 horas, a primeira sess\u00e3o plen\u00e1ria de julgamento de 2017, na sede, em Bras\u00edlia.<\/p>\n<p>Dentre os 97 processos da pauta da sess\u00e3o, h\u00e1 dois processos administrativos disciplinares (PADs) envolvendo os ex-presidentes do Tribunal de Justi\u00e7a do Estado da Bahia (TJBA), Mario Alberto Hirs e Telma Britto, e a ju\u00edza do Tribunal Regional do Trabalho da 14\u00aa Regi\u00e3o (TRT14), Isabel Carla de Mello Moura Piacentini. Os dois processos dizem respeito \u00e0 gest\u00e3o do setor de precat\u00f3rios dos respectivos tribunais.<\/p>\n<p>A \u00edntegra da pauta da 244\u00aa Sess\u00e3o Ordin\u00e1ria foi publicada no Di\u00e1rio de Justi\u00e7a Eletr\u00f4nico do dia 1\u00ba de fevereiro e traz ainda nove liminares concedidas pelos conselheiros, que agora ser\u00e3o analisadas pelo plen\u00e1rio.<\/p>\n<p>Al\u00e9m da sess\u00e3o desta ter\u00e7a-feira, est\u00e3o previstas outras 19 sess\u00f5es plen\u00e1rias ao longo deste primeiro semestre, sendo dez ordin\u00e1rias e nove extraordin\u00e1rias.<\/p>\n<p>Confira <a href=\"http:\/\/www.cnj.jus.br\/pautas-das-sessoes\/pautas-presenciais\/84255-pauta-de-julgamentos-de-7-de-fevereiro-de-2017-244-sessao-ordinaria?acm=245707_9539\" target=\"_blank\" rel=\"alternate\">aqui <\/a>a pauta de julgamentos da 244\u00aa Sess\u00e3o Extraordin\u00e1ria.<\/p>\n<p>Os interessados tamb\u00e9m poder\u00e3o acompanhar a sess\u00e3o, ao vivo, por meio da <a href=\"http:\/\/www.cnj.jus.br\/tv-plenario?acm=245707_9539\" target=\"_blank\" rel=\"alternate\">TV Plen\u00e1rio<\/a>.<\/p>\n<p>Servi\u00e7o:<br \/>\n244\u00aa Sess\u00e3o Ordin\u00e1ria<br \/>\nDia: 7 de fevereiro, ter\u00e7a-feira<br \/>\nHor\u00e1rio: 9 horas<br \/>\nLocal: Plen\u00e1rio do CNJ (SEPN Quadra 514, Lote 9, Bloco D, T\u00e9rreo, Bras\u00edlia\/DF)<\/p>\n","protected":false},"excerpt":{"rendered":"<p>Conselho Nacional de Justi\u00e7a (CNJ) far\u00e1 nesta ter\u00e7a-feira (7), a partir das 9 horas, a primeira sess\u00e3o plen\u00e1ria de julgamento de 2017, na sede, em Bras\u00edlia. Dentre os 97 processos da pauta da sess\u00e3o, h\u00e1 dois processos administrativos disciplinares (PADs) envolvendo os ex-presidentes do Tribunal de Justi\u00e7a do Estado da Bahia (TJBA), Mario Alberto Hirs e Telma Britto, e a [&hellip;]<\/p>\n","protected":false},"author":27,"featured_media":0,"comment_status":"open","ping_status":"closed","sticky":false,"template":"","format":"standard","meta":{"footnotes":""},"categories":[2719],"tags":[254,1949,4957,1034,562,4134,4956],"class_list":["post-4243","post","type-post","status-publish","format-standard","hentry","category-servidor","tag-cnj","tag-julgamento","tag-plenarias","tag-precatorios","tag-processos","tag-recesso","tag-sessoes"],"_links":{"self":[{"href":"https:\/\/blogs.correiobraziliense.com.br\/servidor\/wp-json\/wp\/v2\/posts\/4243","targetHints":{"allow":["GET"]}}],"collection":[{"href":"https:\/\/blogs.correiobraziliense.com.br\/servidor\/wp-json\/wp\/v2\/posts"}],"about":[{"href":"https:\/\/blogs.correiobraziliense.com.br\/servidor\/wp-json\/wp\/v2\/types\/post"}],"author":[{"embeddable":true,"href":"https:\/\/blogs.correiobraziliense.com.br\/servidor\/wp-json\/wp\/v2\/users\/27"}],"replies":[{"embeddable":true,"href":"https:\/\/blogs.correiobraziliense.com.br\/servidor\/wp-json\/wp\/v2\/comments?post=4243"}],"version-history":[{"count":1,"href":"https:\/\/blogs.correiobraziliense.com.br\/servidor\/wp-json\/wp\/v2\/posts\/4243\/revisions"}],"predecessor-version":[{"id":4244,"href":"https:\/\/blogs.correiobraziliense.com.br\/servidor\/wp-json\/wp\/v2\/posts\/4243\/revisions\/4244"}],"wp:attachment":[{"href":"https:\/\/blogs.correiobraziliense.com.br\/servidor\/wp-json\/wp\/v2\/media?parent=4243"}],"wp:term":[{"taxonomy":"category","embeddable":true,"href":"https:\/\/blogs.correiobraziliense.com.br\/servidor\/wp-json\/wp\/v2\/categories?post=4243"},{"taxonomy":"post_tag","embeddable":true,"href":"https:\/\/blogs.correiobraziliense.com.br\/servidor\/wp-json\/wp\/v2\/tags?post=4243"}],"curies":[{"name":"wp","href":"https:\/\/api.w.org\/{rel}","templated":true}]}}