{"id":4233,"date":"2017-02-06T15:25:08","date_gmt":"2017-02-06T17:25:08","guid":{"rendered":"https:\/\/blogs.correiobraziliense.com.br\/servidor\/?p=4233"},"modified":"2017-02-06T15:25:08","modified_gmt":"2017-02-06T17:25:08","slug":"atual-situacao-da-agu","status":"publish","type":"post","link":"https:\/\/blogs.correiobraziliense.com.br\/servidor\/atual-situacao-da-agu\/","title":{"rendered":"A atual situa\u00e7\u00e3o da AGU"},"content":{"rendered":"<p><em>Servidores da Advocacia-Geral da Uni\u00e3o (AGU) est\u00e3o torcendo que a indica\u00e7\u00e3o do ministro da Justi\u00e7a, Alexandre de Moraes, para a vaga deixada pelo ministro Teori Zavascki, do Supremo Tribunal Federal (STF), traga de volta a sua presidente, Grace Mendon\u00e7a, ao trabalho.<\/em><\/p>\n<p>Segundo informa\u00e7\u00f5es, Grace abandonou o \u00f3rg\u00e3o. Em campanha para o STF, desapareceu dos olhos dos seus pares. Nem mesmo assessores mais pr\u00f3ximos t\u00eam contatos com ela. At\u00e9 atos simples, como remo\u00e7\u00e3o de membros da carreira de advogado da Uni\u00e3o, ela n\u00e3o quis assinar, deixando a cargo do AGU substituto. Volta Grace! Seus funcion\u00e1rios est\u00e3o carentes.<\/p>\n","protected":false},"excerpt":{"rendered":"<p>Servidores da Advocacia-Geral da Uni\u00e3o (AGU) est\u00e3o torcendo que a indica\u00e7\u00e3o do ministro da Justi\u00e7a, Alexandre de Moraes, para a vaga deixada pelo ministro Teori Zavascki, do Supremo Tribunal Federal (STF), traga de volta a sua presidente, Grace Mendon\u00e7a, ao trabalho. Segundo informa\u00e7\u00f5es, Grace abandonou o \u00f3rg\u00e3o. Em campanha para o STF, desapareceu dos olhos dos seus pares. Nem mesmo [&hellip;]<\/p>\n","protected":false},"author":27,"featured_media":0,"comment_status":"open","ping_status":"closed","sticky":false,"template":"","format":"standard","meta":{"footnotes":""},"categories":[2719],"tags":[157,2407,3464,995,34,4951],"class_list":["post-4233","post","type-post","status-publish","format-standard","hentry","category-servidor","tag-agu","tag-disputa","tag-grace-mendonca","tag-remocao","tag-stf","tag-substituto"],"_links":{"self":[{"href":"https:\/\/blogs.correiobraziliense.com.br\/servidor\/wp-json\/wp\/v2\/posts\/4233","targetHints":{"allow":["GET"]}}],"collection":[{"href":"https:\/\/blogs.correiobraziliense.com.br\/servidor\/wp-json\/wp\/v2\/posts"}],"about":[{"href":"https:\/\/blogs.correiobraziliense.com.br\/servidor\/wp-json\/wp\/v2\/types\/post"}],"author":[{"embeddable":true,"href":"https:\/\/blogs.correiobraziliense.com.br\/servidor\/wp-json\/wp\/v2\/users\/27"}],"replies":[{"embeddable":true,"href":"https:\/\/blogs.correiobraziliense.com.br\/servidor\/wp-json\/wp\/v2\/comments?post=4233"}],"version-history":[{"count":1,"href":"https:\/\/blogs.correiobraziliense.com.br\/servidor\/wp-json\/wp\/v2\/posts\/4233\/revisions"}],"predecessor-version":[{"id":4234,"href":"https:\/\/blogs.correiobraziliense.com.br\/servidor\/wp-json\/wp\/v2\/posts\/4233\/revisions\/4234"}],"wp:attachment":[{"href":"https:\/\/blogs.correiobraziliense.com.br\/servidor\/wp-json\/wp\/v2\/media?parent=4233"}],"wp:term":[{"taxonomy":"category","embeddable":true,"href":"https:\/\/blogs.correiobraziliense.com.br\/servidor\/wp-json\/wp\/v2\/categories?post=4233"},{"taxonomy":"post_tag","embeddable":true,"href":"https:\/\/blogs.correiobraziliense.com.br\/servidor\/wp-json\/wp\/v2\/tags?post=4233"}],"curies":[{"name":"wp","href":"https:\/\/api.w.org\/{rel}","templated":true}]}}