{"id":4205,"date":"2017-02-02T17:48:10","date_gmt":"2017-02-02T19:48:10","guid":{"rendered":"https:\/\/blogs.correiobraziliense.com.br\/servidor\/?p=4205"},"modified":"2017-02-02T17:48:10","modified_gmt":"2017-02-02T19:48:10","slug":"com-aprovacao-baixa-gestao-temer-nao-e-vista-como-melhor-do-que-de-seus-antecessores-mostra-pesquisa-ipsos","status":"publish","type":"post","link":"https:\/\/blogs.correiobraziliense.com.br\/servidor\/com-aprovacao-baixa-gestao-temer-nao-e-vista-como-melhor-do-que-de-seus-antecessores-mostra-pesquisa-ipsos\/","title":{"rendered":"Com aprova\u00e7\u00e3o baixa, gest\u00e3o Temer n\u00e3o \u00e9 vista como melhor do que de seus antecessores, mostra pesquisa Ipsos"},"content":{"rendered":"<p><em>Nova pesquisa Ipsos revela que o governo Temer n\u00e3o \u00e9 melhor do que de seus antecessores. Metade dos entrevistados avalia que o atual presidente est\u00e1 abaixo da expectativa e apenas 1% diz que supera o esperado.<\/em><\/p>\n<p>A aprova\u00e7\u00e3o ao presidente Michel Temer subiu quatro pontos percentuais em janeiro em rela\u00e7\u00e3o a dezembro, quando havia atingido o pico negativo desde o in\u00edcio de seu governo. Ficou em 19%, mesmo n\u00edvel em que estava nos meses de junho e julho. \u00c9 o que revela a pesquisa Pulso Brasil, pela Ipsos, entre 05 e 18 de janeiro de 2017. Foram feitas 1.200 entrevistas presenciais em 72 cidades brasileiras. A avalia\u00e7\u00e3o negativa do peemdebista caiu para 75% &#8211; dois pontos percentuais abaixo do registrado no m\u00eas anterior -, variando dentro da margem de erro que \u00e9 de tr\u00eas pontos percentuais.<\/p>\n<p>A avalia\u00e7\u00e3o da gest\u00e3o do governo federal tamb\u00e9m variou positivamente dentro da margem, mas a maioria dos brasileiros (59%) a classifica como ruim\/p\u00e9ssima. Em dezembro, foram 62% e, em novembro, 52%. Apenas 1% dos entrevistados afirmou que a gest\u00e3o Temer supera as expectativas, enquanto metade (52%) avaliam-na como abaixo do esperado. Para 12% est\u00e1 dentro do esperado, 17% diz que ainda \u00e9 muito cedo para avaliar e 13% n\u00e3o tem expectativas quanto ao que poderia ser o governo. As regi\u00f5es que pior avaliam o governo Temer s\u00e3o Sudeste e Nordeste, ambos com 57% dos entrevistados avaliando-o como abaixo das expectativas, seguidos por Sul (49%), Centro-oeste (43%) e Norte (23%). Neste \u00faltimo, um quarto (26%) acha que ainda \u00e9 muito cedo para dizer.<\/p>\n<p>\u201cO que continua impactando negativamente a avalia\u00e7\u00e3o do atual governo s\u00e3o os frequentes esc\u00e2ndalos de corrup\u00e7\u00e3o escancarados pela Lava-Jato, a imagem negativa da classe pol\u00edtica e a demora da retomada da crise econ\u00f4mica. A dela\u00e7\u00e3o da Odebrecht pode acarretar em mais instabilidade pol\u00edtica e afetar a governabilidade da atual gest\u00e3o \u2013 especialmente se o nome do atual presidente for denunciado\u201d, diz Danilo Cersosimo, diretor da Ipsos Public Affairs, respons\u00e1vel pelo Pulso Brasil.<\/p>\n<p>Quando comparado com os governos dos ex-presidentes Dilma Rousseff e Luiz In\u00e1cio Lula da Silva, o governo de Michel Temer \u00e9 avaliado negativamente tamb\u00e9m. Dois em cada cinco entrevistados (40%) avaliam o peemedebista como sendo pior que o da Dilma, 34% os consideram iguais, 17% melhor e 9% n\u00e3o soube responder. J\u00e1 em rela\u00e7\u00e3o ao a Lula, 56% afirmam ser pior, 21% igual, 13% melhor e 9% n\u00e3o soube responder.<\/p>\n<p>Pensando no futuro, os entrevistados foram convidados a avaliar sua expectativa quanto ao governo do Presidente Michel Temer. Quatro em cada cinco entrevistados t\u00eam nenhuma (34%), pouqu\u00edssima (23%) ou pouca (26%) expectativa em rela\u00e7\u00e3o ao futuro do governo. Na outra ponta, (10%) t\u00eam alguma ou muita (04%) expectativa quanto ao que est\u00e1 por vir.<\/p>\n<p>A opini\u00e3o p\u00fablica continua com percep\u00e7\u00e3o muito negativa dos rumos do pa\u00eds e o governo Temer n\u00e3o conseguiu reverter essa tend\u00eancia at\u00e9 aqui. Para 88% dos entrevistados, o Brasil est\u00e1 no rumo errado \u2013 apenas seis pontos percentuais abaixo da pior avalia\u00e7\u00e3o da Era Dilma, em abril de 2016.<\/p>\n<p>\u201cAl\u00e9m disso, Temer faz parte da pol\u00edtica tradicional que vem sendo rejeitada nas urnas, tanto no Brasil quanto em outros pa\u00edses, seja com a elei\u00e7\u00e3o de outsiders ou candidatos mais conservadores, seja com o aumento do n\u00e3o comparecimento \u00e0s urnas. Temer n\u00e3o representa mudan\u00e7a aos olhos da opini\u00e3o p\u00fablica\u201d, conclui o diretor da Ipsos.<\/p>\n<p>&nbsp;<\/p>\n<p>Sobre a Ipsos<\/p>\n<p>A Ipsos \u00e9 uma empresa independente global na \u00e1rea de pesquisa de mercado presente em 88 pa\u00edses. A companhia tem mais de 5 mil clientes e ocupa a terceira posi\u00e7\u00e3o na ind\u00fastria de pesquisa. Maior empresa de pesquisa eleitoral do mundo, a Ipsos atua ainda nas \u00e1reas de publicidade, fideliza\u00e7\u00e3o de clientes, marketing, m\u00eddia, opini\u00e3o p\u00fablica e coleta de dados. Os pesquisadores da Ipsos avaliam o potencial do mercado e interpretam as tend\u00eancias. Desenvolvem e constroem marcas, ajudam os clientes a constru\u00edrem relacionamento de longo prazo com seus parceiros, testam publicidade e analisam audi\u00eancia, medem a opini\u00e3o p\u00fablica ao redor do mundo. Para mais informa\u00e7\u00f5es, acesse: <a title=\"blocked::http:\/\/www.ipsos.com.br\/\" href=\"http:\/\/www.ipsos.com.br\">www.ipsos.com.br<\/a>, <a title=\"blocked::http:\/\/www.ipsos.com\/\" href=\"http:\/\/www.ipsos.com\">www.ipsos.com<\/a>, <a title=\"blocked::https:\/\/youtu.be\/QpajPPwN4oE\" href=\"https:\/\/youtu.be\/QpajPPwN4oE\">https:\/\/youtu.be\/QpajPPwN4oE<\/a>, <a title=\"blocked::https:\/\/youtu.be\/EWda5jAElZ0\" href=\"https:\/\/youtu.be\/EWda5jAElZ0\">https:\/\/youtu.be\/EWda5jAElZ0<\/a> e\u00a0\u00a0 <a title=\"blocked::https:\/\/youtu.be\/2KgINZxhTAU\" href=\"https:\/\/youtu.be\/2KgINZxhTAU\">https:\/\/youtu.be\/2KgINZxhTAU<\/a>.<\/p>\n<p>&nbsp;<\/p>\n","protected":false},"excerpt":{"rendered":"<p>Nova pesquisa Ipsos revela que o governo Temer n\u00e3o \u00e9 melhor do que de seus antecessores. Metade dos entrevistados avalia que o atual presidente est\u00e1 abaixo da expectativa e apenas 1% diz que supera o esperado. A aprova\u00e7\u00e3o ao presidente Michel Temer subiu quatro pontos percentuais em janeiro em rela\u00e7\u00e3o a dezembro, quando havia atingido o pico negativo desde o [&hellip;]<\/p>\n","protected":false},"author":27,"featured_media":0,"comment_status":"open","ping_status":"closed","sticky":false,"template":"","format":"standard","meta":{"footnotes":""},"categories":[2719],"tags":[4933,1497,4932,205,2527,834,823,4468,283,1333,2474,2367,4934,187],"class_list":["post-4205","post","type-post","status-publish","format-standard","hentry","category-servidor","tag-antecessores","tag-aprovacao","tag-baixa","tag-corrupcao","tag-entrevistados","tag-escandalos","tag-expectativas","tag-ipsos","tag-lava-jato","tag-margem","tag-michel-temer","tag-negativo","tag-peemedebista","tag-pesquisa"],"_links":{"self":[{"href":"https:\/\/blogs.correiobraziliense.com.br\/servidor\/wp-json\/wp\/v2\/posts\/4205","targetHints":{"allow":["GET"]}}],"collection":[{"href":"https:\/\/blogs.correiobraziliense.com.br\/servidor\/wp-json\/wp\/v2\/posts"}],"about":[{"href":"https:\/\/blogs.correiobraziliense.com.br\/servidor\/wp-json\/wp\/v2\/types\/post"}],"author":[{"embeddable":true,"href":"https:\/\/blogs.correiobraziliense.com.br\/servidor\/wp-json\/wp\/v2\/users\/27"}],"replies":[{"embeddable":true,"href":"https:\/\/blogs.correiobraziliense.com.br\/servidor\/wp-json\/wp\/v2\/comments?post=4205"}],"version-history":[{"count":1,"href":"https:\/\/blogs.correiobraziliense.com.br\/servidor\/wp-json\/wp\/v2\/posts\/4205\/revisions"}],"predecessor-version":[{"id":4206,"href":"https:\/\/blogs.correiobraziliense.com.br\/servidor\/wp-json\/wp\/v2\/posts\/4205\/revisions\/4206"}],"wp:attachment":[{"href":"https:\/\/blogs.correiobraziliense.com.br\/servidor\/wp-json\/wp\/v2\/media?parent=4205"}],"wp:term":[{"taxonomy":"category","embeddable":true,"href":"https:\/\/blogs.correiobraziliense.com.br\/servidor\/wp-json\/wp\/v2\/categories?post=4205"},{"taxonomy":"post_tag","embeddable":true,"href":"https:\/\/blogs.correiobraziliense.com.br\/servidor\/wp-json\/wp\/v2\/tags?post=4205"}],"curies":[{"name":"wp","href":"https:\/\/api.w.org\/{rel}","templated":true}]}}