{"id":4192,"date":"2017-02-01T19:46:03","date_gmt":"2017-02-01T21:46:03","guid":{"rendered":"https:\/\/blogs.correiobraziliense.com.br\/servidor\/?p=4192"},"modified":"2017-02-01T19:46:03","modified_gmt":"2017-02-01T21:46:03","slug":"trabalhadores-empresarios-e-governo-debatem-amanha-dia-2-em-brasilia-politica-de-conteudo-local","status":"publish","type":"post","link":"https:\/\/blogs.correiobraziliense.com.br\/servidor\/trabalhadores-empresarios-e-governo-debatem-amanha-dia-2-em-brasilia-politica-de-conteudo-local\/","title":{"rendered":"Trabalhadores, empres\u00e1rios e governo debatem, amanh\u00e3, dia 2, em Bras\u00edlia, a Pol\u00edtica de Conte\u00fado Local"},"content":{"rendered":"<h4><em><strong>Metal\u00fargicos da CNTM-For\u00e7a Sindical, da CNM-CUT e do setor empresarial de m\u00e1quinas &#8211; Sindmaq, debatem\u00a0com o ministro Eliseu Padilha, da Casa Civil,\u00a0amanh\u00e3, \u00e0s 14 horas, em Bras\u00edlia, a Pol\u00edtica de Conte\u00fado Local<\/strong><\/em><\/h4>\n<p>Por meio de nota, a For\u00e7a Sindical informou que &#8220;causou-nos enorme estranheza e preocupa\u00e7\u00e3o a not\u00edcia de que o governo quer, por meio de uma medida, mudar a Pol\u00edtica de Conte\u00fado Local (CL) no que se refere aos contratos de prefer\u00eancia a fornecedores brasileiros na explora\u00e7\u00e3o, no desenvolvimento e na produ\u00e7\u00e3o de petr\u00f3leo e g\u00e1s natural, firmados pela ANP &#8211; Ag\u00eancia Natural de Petr\u00f3leo (desde que as ofertas apresentem condi\u00e7\u00f5es de pre\u00e7o, prazo e qualidade equivalentes \u00e0s de outros fornecedores), reduzindo o limite de 59% de utiliza\u00e7\u00e3o do CL para 40% (o limite de 59% refere-se ao Pr\u00e9-Sal para os m\u00f3dulos da etapa de desenvolvimento que se iniciarem at\u00e9 2022, j\u00e1 que n\u00e3o houve defini\u00e7\u00e3o de percentuais m\u00e1ximos)&#8221;.<\/p>\n<p>Segundo a central sindical, a\u00a0 medida que o governo prop\u00f5e pode fechar centenas de empresas nacionais e aumentar em cerca de um milh\u00e3o o n\u00famero de desempregados no Brasil, que j\u00e1 alcan\u00e7a a casa dos 12,3 milh\u00f5es, al\u00e9m de agravar ainda mais a produ\u00e7\u00e3o industrial brasileira que, em 2016, teve uma queda expressiva de 6,6%. &#8220;Se hoje, com a utiliza\u00e7\u00e3o do Conte\u00fado Local limitado a 59%, sobram apenas 8% com os artif\u00edcios que as empresas utilizam para burlar a legisla\u00e7\u00e3o vigente, se o limite for baixado n\u00e3o restar\u00e1 nada a ser utilizado. Nenhum pa\u00eds competitivo e de 1\u00ba Mundo aceitaria que uma decis\u00e3o dessa natureza fosse tomada por seu governo&#8221;, destacou.<\/p>\n<p>Para pressionar o governo a manter o Conte\u00fado Local no limite hoje em vigor, o grupo de trabalhadores e empres\u00e1rios conseguiu agendar reuni\u00e3o com o ministro chefe da Casa Civil, Eliseu Padilha,para amanh\u00e3, dia 2, \u00e0s 14 horas, no Pal\u00e1cio do Planalto.<\/p>\n<p>Participar\u00e3o da reuni\u00e3o o deputado federal e presidente da For\u00e7a Sindical Paulo Pereira da Silva, o Paulinho da For\u00e7a; Miguel Torres, presidente do Sindicato dos Metal\u00fargicos de S\u00e3o Paulo e da Confedera\u00e7\u00e3o Nacional dos Trabalhadores Metal\u00fargicos &#8211; CNTM; um representante da Confedera\u00e7\u00e3o Nacional dos Metal\u00fargicos, da CUT &#8211; CNM\/CUT; e do sindicato patronal de m\u00e1quinas &#8211; Sindmaq.<\/p>\n","protected":false},"excerpt":{"rendered":"<p>Metal\u00fargicos da CNTM-For\u00e7a Sindical, da CNM-CUT e do setor empresarial de m\u00e1quinas &#8211; Sindmaq, debatem\u00a0com o ministro Eliseu Padilha, da Casa Civil,\u00a0amanh\u00e3, \u00e0s 14 horas, em Bras\u00edlia, a Pol\u00edtica de Conte\u00fado Local Por meio de nota, a For\u00e7a Sindical informou que &#8220;causou-nos enorme estranheza e preocupa\u00e7\u00e3o a not\u00edcia de que o governo quer, por meio de uma medida, mudar a [&hellip;]<\/p>\n","protected":false},"author":27,"featured_media":0,"comment_status":"open","ping_status":"closed","sticky":false,"template":"","format":"standard","meta":{"footnotes":""},"categories":[2719],"tags":[766,1844,2384,4177,98,4655,4925,1414,1829],"class_list":["post-4192","post","type-post","status-publish","format-standard","hentry","category-servidor","tag-casa-civil","tag-debatem","tag-eliseu-padilha","tag-empresarios","tag-governo","tag-maquinas","tag-politica-de-conteudo-local","tag-preocupacao","tag-trbalhadores"],"_links":{"self":[{"href":"https:\/\/blogs.correiobraziliense.com.br\/servidor\/wp-json\/wp\/v2\/posts\/4192","targetHints":{"allow":["GET"]}}],"collection":[{"href":"https:\/\/blogs.correiobraziliense.com.br\/servidor\/wp-json\/wp\/v2\/posts"}],"about":[{"href":"https:\/\/blogs.correiobraziliense.com.br\/servidor\/wp-json\/wp\/v2\/types\/post"}],"author":[{"embeddable":true,"href":"https:\/\/blogs.correiobraziliense.com.br\/servidor\/wp-json\/wp\/v2\/users\/27"}],"replies":[{"embeddable":true,"href":"https:\/\/blogs.correiobraziliense.com.br\/servidor\/wp-json\/wp\/v2\/comments?post=4192"}],"version-history":[{"count":1,"href":"https:\/\/blogs.correiobraziliense.com.br\/servidor\/wp-json\/wp\/v2\/posts\/4192\/revisions"}],"predecessor-version":[{"id":4193,"href":"https:\/\/blogs.correiobraziliense.com.br\/servidor\/wp-json\/wp\/v2\/posts\/4192\/revisions\/4193"}],"wp:attachment":[{"href":"https:\/\/blogs.correiobraziliense.com.br\/servidor\/wp-json\/wp\/v2\/media?parent=4192"}],"wp:term":[{"taxonomy":"category","embeddable":true,"href":"https:\/\/blogs.correiobraziliense.com.br\/servidor\/wp-json\/wp\/v2\/categories?post=4192"},{"taxonomy":"post_tag","embeddable":true,"href":"https:\/\/blogs.correiobraziliense.com.br\/servidor\/wp-json\/wp\/v2\/tags?post=4192"}],"curies":[{"name":"wp","href":"https:\/\/api.w.org\/{rel}","templated":true}]}}