{"id":4190,"date":"2017-02-01T18:00:52","date_gmt":"2017-02-01T20:00:52","guid":{"rendered":"https:\/\/blogs.correiobraziliense.com.br\/servidor\/?p=4190"},"modified":"2017-02-01T18:00:52","modified_gmt":"2017-02-01T20:00:52","slug":"resposta-do-banco-safra","status":"publish","type":"post","link":"https:\/\/blogs.correiobraziliense.com.br\/servidor\/resposta-do-banco-safra\/","title":{"rendered":"Resposta do Banco Safra"},"content":{"rendered":"<p><em>O juiz da 15\u00aa. Vara Federal de Bras\u00edlia determinou o bloqueio de valores at\u00e9 R$ 1 milh\u00e3o em a\u00e7\u00e3o civil p\u00fablica contra Joseph Safra. A inclus\u00e3o de seu nome nesta nova a\u00e7\u00e3o movida pelo MPF \u00e9 arbitr\u00e1ria. O Tribunal Regional Federal de Bras\u00edlia, em julgamento de habeas corpus, em dezembro, excluiu Joseph Safra da a\u00e7\u00e3o penal por absoluta falta de justa causa. Joseph Safra, portanto, n\u00e3o \u00e9 mais r\u00e9u no processo crime.<\/em><\/p>\n<p><em>Comunica\u00e7\u00e3o do Banco Safra. <\/em><\/p>\n<p><em>A a\u00e7\u00e3o civil causa estranheza porque Joseph Safra j\u00e1 foi exclu\u00eddo da a\u00e7\u00e3o penal que apurava os mesmos fatos, por falta de justa causa. Ele n\u00e3o \u00e9 mais r\u00e9u. N\u00e3o faz sentido inclu\u00ed-lo numa a\u00e7\u00e3o posterior pelos mesmos fatos.<\/em><\/p>\n<p><em>Luiz Francisco de Carvalho, advogado do Banco Safra.<\/em><\/p>\n","protected":false},"excerpt":{"rendered":"<p>O juiz da 15\u00aa. Vara Federal de Bras\u00edlia determinou o bloqueio de valores at\u00e9 R$ 1 milh\u00e3o em a\u00e7\u00e3o civil p\u00fablica contra Joseph Safra. A inclus\u00e3o de seu nome nesta nova a\u00e7\u00e3o movida pelo MPF \u00e9 arbitr\u00e1ria. O Tribunal Regional Federal de Bras\u00edlia, em julgamento de habeas corpus, em dezembro, excluiu Joseph Safra da a\u00e7\u00e3o penal por absoluta falta de [&hellip;]<\/p>\n","protected":false},"author":27,"featured_media":0,"comment_status":"open","ping_status":"closed","sticky":false,"template":"","format":"standard","meta":{"footnotes":""},"categories":[2719],"tags":[4922,3416,4923,453,1157,1492,4924],"class_list":["post-4190","post","type-post","status-publish","format-standard","hentry","category-servidor","tag-banco-safra","tag-crime","tag-joseph-safra","tag-mpf","tag-processo","tag-resposta","tag-reu"],"_links":{"self":[{"href":"https:\/\/blogs.correiobraziliense.com.br\/servidor\/wp-json\/wp\/v2\/posts\/4190","targetHints":{"allow":["GET"]}}],"collection":[{"href":"https:\/\/blogs.correiobraziliense.com.br\/servidor\/wp-json\/wp\/v2\/posts"}],"about":[{"href":"https:\/\/blogs.correiobraziliense.com.br\/servidor\/wp-json\/wp\/v2\/types\/post"}],"author":[{"embeddable":true,"href":"https:\/\/blogs.correiobraziliense.com.br\/servidor\/wp-json\/wp\/v2\/users\/27"}],"replies":[{"embeddable":true,"href":"https:\/\/blogs.correiobraziliense.com.br\/servidor\/wp-json\/wp\/v2\/comments?post=4190"}],"version-history":[{"count":1,"href":"https:\/\/blogs.correiobraziliense.com.br\/servidor\/wp-json\/wp\/v2\/posts\/4190\/revisions"}],"predecessor-version":[{"id":4191,"href":"https:\/\/blogs.correiobraziliense.com.br\/servidor\/wp-json\/wp\/v2\/posts\/4190\/revisions\/4191"}],"wp:attachment":[{"href":"https:\/\/blogs.correiobraziliense.com.br\/servidor\/wp-json\/wp\/v2\/media?parent=4190"}],"wp:term":[{"taxonomy":"category","embeddable":true,"href":"https:\/\/blogs.correiobraziliense.com.br\/servidor\/wp-json\/wp\/v2\/categories?post=4190"},{"taxonomy":"post_tag","embeddable":true,"href":"https:\/\/blogs.correiobraziliense.com.br\/servidor\/wp-json\/wp\/v2\/tags?post=4190"}],"curies":[{"name":"wp","href":"https:\/\/api.w.org\/{rel}","templated":true}]}}